{"id":19,"date":"2005-01-29T14:27:47","date_gmt":"2005-01-29T14:27:47","guid":{"rendered":"http:\/\/www.dzs-z.hu\/tura\/?p=19"},"modified":"2014-10-09T21:25:26","modified_gmt":"2014-10-09T21:25:26","slug":"lillafured-bukkszentkereszt-2005-01-29","status":"publish","type":"post","link":"http:\/\/www.dzs-z.hu\/tura\/bukk\/lillafured-bukkszentkereszt-2005-01-29","title":{"rendered":"Lillaf\u00fcred &#8211; B\u00fckkszentkereszt &#8211; 2005-01-29"},"content":{"rendered":"<h3>Lillaf\u00fcred &#8211; B\u00fckkszentkereszt &#8211; Lillaf\u00fcred t\u00fara 2005<\/h3>\n<p>A t\u00fara \u00fatvonala: Lillaf\u00fcred <a class=\"nolink\" title=\"Piros s\u00e1v turista jelz\u00e9s\" href=\"\/tura\/turistajelzes\"><img decoding=\"async\" class=\"turistajelzeskep\" src=\"\/images\/tura\/jelzesek\/pisav1.gif\" alt=\"Piros s\u00e1v turista jelz\u00e9s\" \/><\/a> <a class=\"nolink\" title=\"S\u00e1rga s\u00e1v turista jelz\u00e9s\" href=\"\/tura\/turistajelzes\"><img decoding=\"async\" class=\"turistajelzeskep\" src=\"\/images\/tura\/jelzesek\/sasav1.gif\" alt=\"S\u00e1rga s\u00e1v turista jelz\u00e9s\" \/><\/a> &#8211; Lillaf\u00fcred <a class=\"nolink\" title=\"Piros s\u00e1v turista jelz\u00e9s\" href=\"\/tura\/turistajelzes\"><img decoding=\"async\" class=\"turistajelzeskep\" src=\"\/images\/tura\/jelzesek\/pisav1.gif\" alt=\"Piros s\u00e1v turista jelz\u00e9s\" \/><\/a> &#8211; Sz\u00e1raz-szinva <a class=\"nolink\" title=\"K\u00e9k s\u00e1v turista jelz\u00e9s\" href=\"\/tura\/turistajelzes\"><img decoding=\"async\" class=\"turistajelzeskep\" src=\"\/images\/tura\/jelzesek\/kesav1.gif\" alt=\"K\u00e9k s\u00e1v turista jelz\u00e9s\" \/><\/a> &#8211; B\u00fckkszentkereszt (Sz\u00e1raz-szinva tetej\u00e9n) <a class=\"nolink\" title=\"K\u00e9k s\u00e1v turista jelz\u00e9s\" href=\"\/tura\/turistajelzes\"><img decoding=\"async\" class=\"turistajelzeskep\" src=\"\/images\/tura\/jelzesek\/kesav1.gif\" alt=\"K\u00e9k s\u00e1v turista jelz\u00e9s\" \/><\/a> <a class=\"nolink\" title=\"S\u00e1rga s\u00e1v turista jelz\u00e9s\" href=\"\/tura\/turistajelzes\"><img decoding=\"async\" class=\"turistajelzeskep\" src=\"\/images\/tura\/jelzesek\/sasav1.gif\" alt=\"S\u00e1rga s\u00e1v turista jelz\u00e9s\" \/><\/a> &#8211; B\u00fckkszentkereszt (telep\u00fcl\u00e9s eleje) <a class=\"nolink\" title=\"S\u00e1rga s\u00e1v turista jelz\u00e9s\" href=\"\/tura\/turistajelzes\"><img decoding=\"async\" class=\"turistajelzeskep\" src=\"\/images\/tura\/jelzesek\/sasav1.gif\" alt=\"S\u00e1rga s\u00e1v turista jelz\u00e9s\" \/><\/a> &#8211; B\u00fckkszentkereszt (templom) <a class=\"nolink\" title=\"S\u00e1rga s\u00e1v turista jelz\u00e9s\" href=\"\/tura\/turistajelzes\"><img decoding=\"async\" class=\"turistajelzeskep\" src=\"\/images\/tura\/jelzesek\/sasav1.gif\" alt=\"S\u00e1rga s\u00e1v turista jelz\u00e9s\" \/><\/a> &#8211; B\u00fckkszentkereszt (telep\u00fcl\u00e9s v\u00e9ge) <a class=\"nolink\" title=\"Piros s\u00e1v turista jelz\u00e9s\" href=\"\/tura\/turistajelzes\"><img decoding=\"async\" class=\"turistajelzeskep\" src=\"\/images\/tura\/jelzesek\/pisav1.gif\" alt=\"Piros s\u00e1v turista jelz\u00e9s\" \/><\/a> <a class=\"nolink\" title=\"S\u00e1rga s\u00e1v turista jelz\u00e9s\" href=\"\/tura\/turistajelzes\"><img decoding=\"async\" class=\"turistajelzeskep\" src=\"\/images\/tura\/jelzesek\/sasav1.gif\" alt=\"S\u00e1rga s\u00e1v turista jelz\u00e9s\" \/><\/a> &#8211; \u00c1gnes-r\u00e9t <a class=\"nolink\" title=\"Piros s\u00e1v turista jelz\u00e9s\" href=\"\/tura\/turistajelzes\"><img decoding=\"async\" class=\"turistajelzeskep\" src=\"\/images\/tura\/jelzesek\/pisav1.gif\" alt=\"Piros s\u00e1v turista jelz\u00e9s\" \/><\/a> &#8211; Feh\u00e9r-k\u0151l\u00e1pai turistah\u00e1z <a class=\"nolink\" title=\"Z\u00f6ld h\u00e1romsz\u00f6g turista jelz\u00e9s\" href=\"\/tura\/turistajelzes\"><img decoding=\"async\" class=\"turistajelzeskep\" src=\"\/images\/tura\/jelzesek\/zohar1.gif\" alt=\"Z\u00f6ld h\u00e1romsz\u00f6g turista jelz\u00e9s\" \/><\/a> &#8211; Feh\u00e9rk\u0151-l\u00e1pa-tet\u0151 <a class=\"nolink\" title=\"Z\u00f6ld s\u00e1v turista jelz\u00e9s\" href=\"\/tura\/turistajelzes\"><img decoding=\"async\" class=\"turistajelzeskep\" src=\"\/images\/tura\/jelzesek\/zosav1.gif\" alt=\"Z\u00f6ld s\u00e1v turista jelz\u00e9s\" \/><\/a> &#8211; Feh\u00e9r-k\u0151 <a class=\"nolink\" title=\"Piros s\u00e1v turista jelz\u00e9s\" href=\"\/tura\/turistajelzes\"><img decoding=\"async\" class=\"turistajelzeskep\" src=\"\/images\/tura\/jelzesek\/pisav1.gif\" alt=\"Piros s\u00e1v turista jelz\u00e9s\" \/><\/a> <a class=\"nolink\" title=\"Z\u00f6ld s\u00e1v turista jelz\u00e9s\" href=\"\/tura\/turistajelzes\"><img decoding=\"async\" class=\"turistajelzeskep\" src=\"\/images\/tura\/jelzesek\/zosav1.gif\" alt=\"Z\u00f6ld s\u00e1v turista jelz\u00e9s\" \/><\/a> &#8211; Lillaf\u00fcred vas\u00fat\u00e1llom\u00e1s <a class=\"nolink\" title=\"Piros s\u00e1v turista jelz\u00e9s\" href=\"\/tura\/turistajelzes\"><img decoding=\"async\" class=\"turistajelzeskep\" src=\"\/images\/tura\/jelzesek\/pisav1.gif\" alt=\"Piros s\u00e1v turista jelz\u00e9s\" \/><\/a> &#8211; Palotasz\u00e1ll\u00f3 <a class=\"nolink\" title=\"K\u00e9k kereszt turista jelz\u00e9s\" href=\"\/tura\/turistajelzes\"><img decoding=\"async\" class=\"turistajelzeskep\" src=\"\/images\/tura\/jelzesek\/keker1.gif\" alt=\"K\u00e9k kereszt turista jelz\u00e9s\" \/><\/a> &#8211; Anna-barlang<\/p>\n<p>2005.01.29. Sz\u00e9p csendes t\u00e9li nap. V\u00e9kony h\u00f3r\u00e9teg fedte a hegyeket, cs\u00e1b\u00edtva minket, hogy egy t\u00e9li t\u00far\u00e1ra induljunk. T\u00fcnde, \u00c9n, Kova \u00e9s Szilvi volt a k\u00eds\u00e9ret\u00fcnk. Reggel otthonr\u00f3l indultunk, \u00e9s kiment\u00fcnk Lillaf\u00fcredre aut\u00f3val. A <a class=\"nolink\" title=\"Piros s\u00e1v turista jelz\u00e9s\" href=\"\/tura\/turistajelzes\"><img decoding=\"async\" class=\"turistajelzeskep\" src=\"\/images\/tura\/jelzesek\/pisav1.gif\" alt=\"Piros s\u00e1v turista jelz\u00e9s\" \/><\/a> <a class=\"nolink\" title=\"S\u00e1rga s\u00e1v turista jelz\u00e9s\" href=\"\/tura\/turistajelzes\"><img decoding=\"async\" class=\"turistajelzeskep\" src=\"\/images\/tura\/jelzesek\/sasav1.gif\" alt=\"S\u00e1rga s\u00e1v turista jelz\u00e9s\" \/><\/a> k\u00f6z\u00f6s jelz\u00e9sen indultunk el. Olyan helyen parkoltunk, ahol m\u00e1r nem tudtunk felmenni a h\u00e1zak f\u00f6l\u00f6tt fut\u00f3 \u00f6sv\u00e9nyre, de a t\u00e9rk\u00e9p alapj\u00e1n l\u00e1ttuk, hogy hamarosan \u00fagyis \u00f6sszetal\u00e1lkozunk a jelz\u00e9ssel a B\u00fckkszentkeresztre vezet\u0151 \u00faton, ami kb. 300m ut\u00e1n be is k\u00f6vetkezett. Itt a k\u00e9t sz\u00edn kett\u00e9 v\u00e1lt \u00e9s mi a <a class=\"nolink\" title=\"Piros s\u00e1v turista jelz\u00e9s\" href=\"\/tura\/turistajelzes\"><img decoding=\"async\" class=\"turistajelzeskep\" src=\"\/images\/tura\/jelzesek\/pisav1.gif\" alt=\"Piros s\u00e1v turista jelz\u00e9s\" \/><\/a> jelz\u00e9st k\u00f6vetve haladtunk a k\u00f6ves \u00faton.<\/p>\n<div class=\"thumb_wrapper margin_r20\" style=\"float: right;\"><a title=\"Fel a havas hegyoldalon vezetett az utunk\" href=\"\/kepinfo\/5\/276\/index.html\"><img decoding=\"async\" loading=\"lazy\" src=\"\/modules\/kepmutat.php?dir=5&amp;kep=276\" alt=\"Fel a havas hegyoldalon vezetett az utunk\" width=\"198\" height=\"146\" align=\"right\" \/><\/a><\/div>\n<p>K\u00f6r\u00fclbel\u00fcl 1 km ut\u00e1n tal\u00e1lkoztunk a B\u00e1rsonyos-forr\u00e1s, majd a Szinva-forr\u00e1s ki\u00e9p\u00edtett eml\u00e9km\u0171v\u00e9vel. Ezt pl.nagyon szeretem a B\u00fckkben, hogy nagyon sok a forr\u00e1s, \u00edgy megfelel\u0151en tervezett t\u00fara eset\u00e9n a turista tud vizet v\u00e9telezni. Igaz Nek\u00fcnk m\u00e9g tal\u00e1n nem volt v\u00edz gondunk, de b\u00e1rmikor el\u0151fordulhat egy hosszabb t\u00fara eset\u00e9n, vagy egy melegebb napon, hogy egyszer csak takar\u00e9koskodni kell a v\u00edzzel. Ami nem t\u00fal j\u00f3, mert az elvesztegetett v\u00edzmennyis\u00e9get p\u00f3tolni kell. Visszat\u00e9rve a t\u00far\u00e1hoz: haladtunk tov\u00e1bb az \u00faton, m\u00edg a bitumenes \u00f6sv\u00e9ny\u00fcnk egy nagy kanyarral jobbra elhagyott minket, mi ugyanis bev\u00e1gtunk a tulajdonk\u00e9ppen \u00e9rintetlen h\u00f3ba, mert ott megtal\u00e1ltuk a v\u00e1lasztott <a class=\"nolink\" title=\"K\u00e9k s\u00e1v turista jelz\u00e9s\" href=\"\/tura\/turistajelzes\"><img decoding=\"async\" class=\"turistajelzeskep\" src=\"\/images\/tura\/jelzesek\/kesav1.gif\" alt=\"K\u00e9k s\u00e1v turista jelz\u00e9s\" \/><\/a> jelz\u00e9st. Ekkor k\u00f6zel 2km volt m\u00e1ra l\u00e1bunkban.<\/p>\n<div class=\"thumb_wrapper margin_r20\" style=\"float: left;\"><a title=\"A havas \u00fat \u00e9s a h\u00f3, egy l\u00e1bnyommal.\" href=\"\/kepinfo\/5\/38\/index.html\"><img decoding=\"async\" loading=\"lazy\" src=\"\/modules\/kepmutat.php?dir=5&amp;kep=38\" alt=\"A havas \u00fat \u00e9s a h\u00f3, egy l\u00e1bnyommal.\" width=\"198\" height=\"146\" align=\"left\" \/><\/a><\/div>\n<p>A jelz\u00e9sen j\u00f3 ideig nem j\u00f6tt senki, de a legut\u00f3bbi h\u00f3es\u00e9s el\u0151tt m\u00e9g j\u00e1rtak el\u0151tt\u00fcnk, \u00edgy \u00fcgyesen l\u00e9pkedve el lehetett ker\u00fclni, hogy a helyenk\u00e9nt 30cm-es h\u00f3ban kelljen m\u00e1szk\u00e1lni.<br \/>\nEkkor azt hitt\u00fck, hogy nincs szerencs\u00e9nk, hogy nem tapost\u00e1k ki el\u0151tt\u00fcnk az \u00f6sv\u00e9nyt. Azonban kb. a 2km-es t\u00e1v 2\/3-\u00e1n\u00e1l szembej\u00f6tt k\u00e9t fiatal, akik \u00fagy \u00f6sszet\u00fart\u00e1k a havat el\u0151tt\u00fcnk, hogy ut\u00e1na nem tudtuk elker\u00fclni a m\u00e9ly h\u00f3ba cs\u00faszk\u00e1l\u00e1st, \u00e9s s\u00fclyed\u00e9st. Igaz\u00e1n nem volt nagy probl\u00e9ma, de emiatt kicsit lassabban tudtunk haladni. Olyannyira nem volt gond, hogy kb. 15 perc ut\u00e1n megtal\u00e1lt minket a Holl\u00f3s-tet\u0151r\u0151l \u00e9rkez\u0151 jelz\u00e9s \u00e9s a <a class=\"nolink\" title=\"K\u00e9k s\u00e1v turista jelz\u00e9s\" href=\"\/tura\/turistajelzes\"><img decoding=\"async\" class=\"turistajelzeskep\" src=\"\/images\/tura\/jelzesek\/kesav1.gif\" alt=\"K\u00e9k s\u00e1v turista jelz\u00e9s\" \/><\/a> <a class=\"nolink\" title=\"S\u00e1rga s\u00e1v turista jelz\u00e9s\" href=\"\/tura\/turistajelzes\"><img decoding=\"async\" class=\"turistajelzeskep\" src=\"\/images\/tura\/jelzesek\/sasav1.gif\" alt=\"S\u00e1rga s\u00e1v turista jelz\u00e9s\" \/><\/a> k\u00f6z\u00f6s jelz\u00e9sen egy \u00fajabb 500m ut\u00e1n m\u00e1r bent is voltunk B\u00fckkszentkereszten. Sz\u00e9p id\u0151 volt, az enyh\u00e9n h\u00f3k\u00e1s\u00e1s \u00fat r\u00e9gi eml\u00e9keket \u00e9bresztett fel benn\u00fcnk. Arra is gondoltunk, hogy ilyen esetben kedves f\u0151v\u00e1rosunk m\u00e1r bedugult volna, \u00e9s mindenki a k\u00f6ztisztas\u00e1giakat szidn\u00e1&#8230;<\/p>\n<div class=\"thumb_wrapper margin_r20\" style=\"float: right;\"><a title=\"B\u00fckkszentkeresztb\u0151l ki\u00e9rve az erd\u0151.\" href=\"\/kepinfo\/5\/299\/index.html\"><img decoding=\"async\" loading=\"lazy\" src=\"\/modules\/kepmutat.php?dir=5&amp;kep=299\" alt=\"B\u00fckkszentkeresztb\u0151l ki\u00e9rve az erd\u0151.\" width=\"198\" height=\"146\" align=\"right\" \/><\/a><\/div>\n<p>1 km hossz\u00fa volt az \u00fat a telep\u00fcl\u00e9sen kereszt\u00fcl, Mi a <a class=\"nolink\" title=\"S\u00e1rga s\u00e1v turista jelz\u00e9s\" href=\"\/tura\/turistajelzes\"><img decoding=\"async\" class=\"turistajelzeskep\" src=\"\/images\/tura\/jelzesek\/sasav1.gif\" alt=\"S\u00e1rga s\u00e1v turista jelz\u00e9s\" \/><\/a> jelz\u00e9st k\u00f6vett\u00fck. A miskolci telepeseknek kedvezve \u00e9s mell\u00e9kesen a gyerekeknek is egy par\u00e1nyi s\u00edparadicsomot \u00e9p\u00edtettek ki a v\u00e1rosiaknak az f\u0151\u00fathoz megfelel\u0151en k\u00f6zeli helyen. A r\u00f6vidke s\u00edp\u00e1ly\u00e1hoz m\u00e9regdr\u00e1ga terepj\u00e1r\u00f3val j\u00e1r\u00f3, s\u00ed\u00f6lt\u00f6z\u00e9kes embereket l\u00e1tva vid\u00e1mabbak lett\u00fcnk, \u00e9s \u00edgy haladtunk a jelz\u00e9sen, bet\u00e9rve az egyik utc\u00e1ba balra. Itt kijutva B\u00fckkszentkeresztr\u0151l szint\u00e9n sz\u00e1nk\u00f3z\u00f3 \u00e9s s\u00edel\u0151 emberekkel tal\u00e1lkoztunk, de \u0151k ink\u00e1bb helyi embereknek t\u0171ntek. Azt\u00e1n tal\u00e1ltunk, egy szerintem jobban ki\u00e9p\u00edtett, csak kev\u00e9sb\u00e9 ismert p\u00e1ly\u00e1t a s\u00edel\u00e9s szerelmeseinek. Itt a letaposott h\u00f3 miatt rendesen kellett kutatnunk a jelz\u00e9seket. A s\u00edp\u00e1lya v\u00e9g\u00e9n\u00e9l le\u00e1lltunk sz\u00e9l\u00e1rny\u00e9kba fogyasztani egy kis t\u00e1pl\u00e1l\u00e9kot, a s\u00edel\u0151ket haszn\u00e1lva addig kikapcsol\u00f3d\u00e1snak. Itt a kop\u00e1r r\u00e9szen m\u00e1r \u00e9rezt\u00fck a szelet, ami egy kicsit kellemetlen is volt, szerencs\u00e9re nagyon r\u00f6vid id\u0151t t\u00f6lt\u00f6tt\u00fcnk csak szeles helyen, \u00edgy nem fagytunk \u00e1t.<\/p>\n<div class=\"thumb_wrapper margin_r20\" style=\"float: left;\"><a title=\"B\u00fckkszentkereszt mellett. Gy\u00f6ny\u00f6r\u0171 ind\u0151 volt.\" href=\"\/kepinfo\/5\/34\/index.html\"><img decoding=\"async\" loading=\"lazy\" src=\"\/modules\/kepmutat.php?dir=5&amp;kep=34\" alt=\"B\u00fckkszentkereszt mellett. Gy\u00f6ny\u00f6r\u0171 ind\u0151 volt.\" width=\"198\" height=\"146\" align=\"left\" \/><\/a><\/div>\n<p>Dolgunk v\u00e9gezt\u00e9vel sz\u00e9tn\u00e9zt\u00fcnk \u00e9s mint t\u00e1volban egy feh\u00e9r vitorla, felfedezt\u00fck a keresett <a class=\"nolink\" title=\"Piros s\u00e1v turista jelz\u00e9s\" href=\"\/tura\/turistajelzes\"><img decoding=\"async\" class=\"turistajelzeskep\" src=\"\/images\/tura\/jelzesek\/pisav1.gif\" alt=\"Piros s\u00e1v turista jelz\u00e9s\" \/><\/a> <a class=\"nolink\" title=\"S\u00e1rga s\u00e1v turista jelz\u00e9s\" href=\"\/tura\/turistajelzes\"><img decoding=\"async\" class=\"turistajelzeskep\" src=\"\/images\/tura\/jelzesek\/sasav1.gif\" alt=\"S\u00e1rga s\u00e1v turista jelz\u00e9s\" \/><\/a> jelz\u00e9seket, \u00e9s ezen indultunk el. A kaj\u00e1l\u00e1s, \u00e9s a meg\u00e1ll\u00e1s miatt kicsit megmacsk\u00e1sodott l\u00e1bainkat neh\u00e9z volt r\u00e1venni, hogy \u00fajra a kev\u00e9ss\u00e9 letaposott h\u00f3ban haladjanak. Kb. 1 km megt\u00e9tele ut\u00e1n \u00e9rt\u00fcnk el arra a pontra, ahol a k\u00e9t jelz\u00e9s kett\u00e9 v\u00e1lik.<br \/>\nItt eld\u00f6nt\u00f6tt\u00fcnk, hogy a tal\u00e1n lank\u00e1sabb, de hosszabb utat v\u00e1lasztjuk. \u00cdgy a <a class=\"nolink\" title=\"Piros s\u00e1v turista jelz\u00e9s\" href=\"\/tura\/turistajelzes\"><img decoding=\"async\" class=\"turistajelzeskep\" src=\"\/images\/tura\/jelzesek\/pisav1.gif\" alt=\"Piros s\u00e1v turista jelz\u00e9s\" \/><\/a> jelz\u00e9s ment\u00e9n haladtunk tov\u00e1bb.<\/p>\n<div class=\"thumb_wrapper margin_r20\" style=\"float: right;\"><a title=\"B\u00fckkszentkeresztb\u0151l ki\u00e9rve az erd\u0151.\" href=\"\/kepinfo\/5\/16\/index.html\"><img decoding=\"async\" loading=\"lazy\" src=\"\/modules\/kepmutat.php?dir=5&amp;kep=16\" alt=\"B\u00fckkszentkeresztb\u0151l ki\u00e9rve az erd\u0151.\" width=\"198\" height=\"146\" align=\"right\" \/><\/a><\/div>\n<p>Nagyon sz\u00e9p ter\u00fcleten haladtunk, kellemes volt az id\u0151 \u00e9s sz\u00e9p a t\u00e1j, mi kell t\u00f6bb az embernek? Egy 2km-es pihentet\u0151nek mondhat\u00f3 s\u00e9ta k\u00f6vetkezett teh\u00e1t, mint ut\u00f3bb kider\u00fclt. Ekkor \u00e9rt\u00fcnk el a Feh\u00e9r-k\u0151-l\u00e1pai turistah\u00e1zhoz, majd vetett\u00fck be magunkat egy s\u00f6t\u00e9t fenyvesbe. Azt hiszem a legkellemesebb s\u00e9ta minden \u00e9vszakban a feny\u0151 erd\u0151kben esik. Sz\u00e1momra a fenyvesek testes\u00edtik meg az igazi erd\u0151t, a t\u00f6bbi is sz\u00e9p, de a korona az a feny\u0151. Hogy ne kalandozzunk el messzire, itt tal\u00e1ltunk r\u00e1 a <a class=\"nolink\" title=\"Z\u00f6ld s\u00e1v turista jelz\u00e9s\" href=\"\/tura\/turistajelzes\"><img decoding=\"async\" class=\"turistajelzeskep\" src=\"\/images\/tura\/jelzesek\/zosav1.gif\" alt=\"Z\u00f6ld s\u00e1v turista jelz\u00e9s\" \/><\/a><br \/>\njelz\u00e9sre, valamint egy kis kit\u00e9r\u0151 volt a <a class=\"nolink\" title=\"Z\u00f6ld h\u00e1romsz\u00f6g turista jelz\u00e9s\" href=\"\/tura\/turistajelzes\"><img decoding=\"async\" class=\"turistajelzeskep\" src=\"\/images\/tura\/jelzesek\/zohar1.gif\" alt=\"Z\u00f6ld h\u00e1romsz\u00f6g turista jelz\u00e9s\" \/><\/a> jelz\u00e9s, ami a Feh\u00e9r-k\u0151 pihen\u0151h\u00f6z vezetett volna, de \u00fagy eml\u00e9kszem, oda m\u00e1r nem t\u00e9rt\u00fcnk be, ugyanis, kezdett az id\u0151 rosszabbra fordulni, b\u00e1r m\u00e9g csak d\u00e9lut\u00e1n 3 k\u00f6r\u00fcl voltunk.<\/p>\n<div class=\"thumb_wrapper margin_r20\" style=\"float: left;\"><a title=\"Fenyves B\u00fckkszentkereszt mellett. Csod\u00e1latos l\u00e1tm\u00e1ny az ilyen erd\u0151.\" href=\"\/kepinfo\/5\/19\/index.html\"><img decoding=\"async\" loading=\"lazy\" src=\"\/modules\/kepmutat.php?dir=5&amp;kep=19\" alt=\"Fenyves B\u00fckkszentkereszt mellett. Csod\u00e1latos l\u00e1tm\u00e1ny az ilyen erd\u0151.\" width=\"198\" height=\"146\" align=\"left\" \/><\/a><\/div>\n<p>A <a class=\"nolink\" title=\"Z\u00f6ld s\u00e1v turista jelz\u00e9s\" href=\"\/tura\/turistajelzes\"><img decoding=\"async\" class=\"turistajelzeskep\" src=\"\/images\/tura\/jelzesek\/zosav1.gif\" alt=\"Z\u00f6ld s\u00e1v turista jelz\u00e9s\" \/><\/a> jelz\u00e9s\u00fcnk kellemesen kacs\u00e1zott nagy \u00edvben felfel\u00e9, \u00edgy semmif\u00e9le probl\u00e9m\u00e1t nem okozott az sem, hogy havas volt a lejt\u0151, amit\u0151l valljuk be tartottunk jogosan egy kiss\u00e9. Nos ez a 1,5km m\u00e1r nem volt sok, \u00e9s le is \u00e9rt\u00fcnk a Szabadt\u00e9ri templomhoz, majd egy 500m ut\u00e1n leereszkedt\u00fcnk egy parkol\u00f3ba. Utunk itt v\u00e9get \u00e9rt, \u00edgy m\u00e9g hazafel\u00e9 meg\u00e1lltunk a T\u00f3 mellett \u00e9s a Sz\u00e1ll\u00f3 t\u00fals\u00f3 oldal\u00e1n l\u00e9v\u0151 v\u00edzes\u00e9shez leugrottunk.<\/p>\n<p>Kellemes kis t\u00fara, tudom aj\u00e1nlani kezd\u0151 t\u00far\u00e1z\u00f3knak is szintfelm\u00e9r\u0151nek. Viszonylag k\u00f6nny\u0171 terep, j\u00f3l lehet t\u00e1j\u00e9koz\u00f3dni, de van n\u00e9mi szintemelked\u00e9s is a terep megismer\u00e9s\u00e9hez.<\/p>\n<p>&nbsp;<\/p>\n<h3>A Lillaf\u00fcred &#8211; B\u00fckkszentkereszt t\u00fara k\u00e9pei<\/h3>\n<ul>\n<li>A t\u00fara k\u00e9peit megtekintheti a k\u00f6vetkez\u0151 gal\u00e9ri\u00e1ban: <a title=\"Lillaf\u00fcred - B\u00fckkszentkereszt k\u00e9p gal\u00e9ria\" href=\"\/galeria\/5\/index.html\">Lillaf\u00fcred &#8211; B\u00fckkszentkereszt k\u00e9p gal\u00e9ria<\/a>.<\/li>\n<\/ul>\n<ul>\n<li>Egy\u00e9b t\u00far\u00e1z\u00e1ssal kapcsolatos k\u00e9pgal\u00e9ri\u00e1k: <a title=\"Dzs-z.hu t\u00fara, turista k\u00e9p gal\u00e9ri\u00e1k\" href=\"\/galeriak\/index.html\">Dzs-z.hu k\u00e9p gal\u00e9ri\u00e1k<\/a>.<\/li>\n<\/ul>\n<div class=\"inpostadsfull\"><div style=\"margin:10px auto;text-align:center;\"><script async src=\"\/\/pagead2.googlesyndication.com\/pagead\/js\/adsbygoogle.js\"><\/script><!-- Dzs-recept-1 --><ins class=\"adsbygoogle\"     style=\"display:inline-block;width:728px;height:90px\"     data-ad-client=\"ca-pub-5246420517641697\"     data-ad-slot=\"3352945761\"><\/ins><script>(adsbygoogle = window.adsbygoogle || []).push({});<\/script><\/div><\/div>","protected":false},"excerpt":{"rendered":"<p>Lillaf\u00fcred &#8211; B\u00fckkszentkereszt &#8211; Lillaf\u00fcred t\u00fara 2005 A t\u00fara \u00fatvonala: Lillaf\u00fcred &#8211; Lillaf\u00fcred &#8211; Sz\u00e1raz-szinva &#8211; B\u00fckkszentkereszt (Sz\u00e1raz-szinva tetej\u00e9n) &#8211; B\u00fckkszentkereszt (telep\u00fcl\u00e9s eleje) &#8211; B\u00fckkszentkereszt (templom) &#8211; B\u00fckkszentkereszt (telep\u00fcl\u00e9s v\u00e9ge) &#8211; \u00c1gnes-r\u00e9t &#8211; Feh\u00e9r-k\u0151l\u00e1pai turistah\u00e1z &#8211; Feh\u00e9rk\u0151-l\u00e1pa-tet\u0151 &#8211; Feh\u00e9r-k\u0151 &#8211; Lillaf\u00fcred vas\u00fat\u00e1llom\u00e1s &#8211; Palotasz\u00e1ll\u00f3 &#8211; Anna-barlang 2005.01.29. Sz\u00e9p csendes t\u00e9li nap. V\u00e9kony h\u00f3r\u00e9teg fedte a [&hellip;]<\/p>\n","protected":false},"author":1,"featured_media":194,"comment_status":"closed","ping_status":"closed","sticky":false,"template":"","format":"standard","meta":{"footnotes":""},"categories":[2],"tags":[4,10,7,5,6],"_links":{"self":[{"href":"http:\/\/www.dzs-z.hu\/tura\/wp-json\/wp\/v2\/posts\/19"}],"collection":[{"href":"http:\/\/www.dzs-z.hu\/tura\/wp-json\/wp\/v2\/posts"}],"about":[{"href":"http:\/\/www.dzs-z.hu\/tura\/wp-json\/wp\/v2\/types\/post"}],"author":[{"embeddable":true,"href":"http:\/\/www.dzs-z.hu\/tura\/wp-json\/wp\/v2\/users\/1"}],"replies":[{"embeddable":true,"href":"http:\/\/www.dzs-z.hu\/tura\/wp-json\/wp\/v2\/comments?post=19"}],"version-history":[{"count":18,"href":"http:\/\/www.dzs-z.hu\/tura\/wp-json\/wp\/v2\/posts\/19\/revisions"}],"predecessor-version":[{"id":303,"href":"http:\/\/www.dzs-z.hu\/tura\/wp-json\/wp\/v2\/posts\/19\/revisions\/303"}],"wp:featuredmedia":[{"embeddable":true,"href":"http:\/\/www.dzs-z.hu\/tura\/wp-json\/wp\/v2\/media\/194"}],"wp:attachment":[{"href":"http:\/\/www.dzs-z.hu\/tura\/wp-json\/wp\/v2\/media?parent=19"}],"wp:term":[{"taxonomy":"category","embeddable":true,"href":"http:\/\/www.dzs-z.hu\/tura\/wp-json\/wp\/v2\/categories?post=19"},{"taxonomy":"post_tag","embeddable":true,"href":"http:\/\/www.dzs-z.hu\/tura\/wp-json\/wp\/v2\/tags?post=19"}],"curies":[{"name":"wp","href":"https:\/\/api.w.org\/{rel}","templated":true}]}}