{"id":334,"date":"2014-07-25T21:06:51","date_gmt":"2014-07-25T21:06:51","guid":{"rendered":"http:\/\/www.dzs-z.hu\/tura\/?p=334"},"modified":"2014-12-18T09:46:18","modified_gmt":"2014-12-18T09:46:18","slug":"felsoviso-viseu-de-sus-kisvasutazas-2014-julius-25","status":"publish","type":"post","link":"http:\/\/www.dzs-z.hu\/tura\/karpatok\/felsoviso-viseu-de-sus-kisvasutazas-2014-julius-25","title":{"rendered":"Fels\u0151vis\u00f3 (Vi\u015feu de Sus) kisvasutaz\u00e1s 2014. j\u00falius 25"},"content":{"rendered":"<address>Kisvas\u00fat Erd\u00e9lyben, a Radnai-havasokban. Kisvasutaz\u00e1s.<\/address>\n<h3>Fels\u0151vis\u00f3 (Vi\u015feu de Sus) kisvasutaz\u00e1s kir\u00e1ndul\u00e1s le\u00edr\u00e1sa<\/h3>\n<p>Vi\u015feu de Sus magyar nev\u00e9n Fels\u0151vis\u00f3 telep\u00fcl\u00e9s Rom\u00e1nia M\u00e1ramaros megy\u00e9j\u00e9ben, a 18-as f\u0151\u00fat vonal\u00e1n, a Radnai-havasokhoz tartoz\u00f3 r\u00e9szen tal\u00e1lhat\u00f3. Az innen \u00e9szakra indul Vas-\u00e9r-v\u00f6lgyben fut Erd\u00e9ly egyik utols\u00f3 keskeny nyomt\u00e1v\u00fa erdei vas\u00fatja.<\/p>\n<p>A fest\u0151i sz\u00e9ps\u00e9g\u0171 v\u00f6lgyben halad\u00f3 vasutaz\u00e1s egy igazi kikapcsol\u00f3d\u00e1s, folyamatosan maga m\u00f6g\u00f6tt hagyja a p\u00f6f\u00f6g\u0151 kisvonat a civiliz\u00e1ci\u00f3t, kicsit az erd\u00e9szetet, a fakiv\u00e1g\u00e1sokat is mell\u0151zz\u00fck.<\/p>\n<p>A kisvas\u00fat teljes hossza 43km, de \u00e1ltal\u00e1ban egy r\u00f6videbb 25km-es szakaszon j\u00e1r csak a vonat. Nagyon nagy az \u00e9rdekl\u0151d\u00e9s ir\u00e1nta, \u00edgy mikor ott j\u00e1rtunk 3 g\u0151z\u00f6s, 5-7 teli szem\u00e9lykocsival indult felfel\u00e9. Amennyiben kombin\u00e1lt jegyet rendel\u00fcnk, akkor a kapott jegyek\u00e9rt a fenti \u00e1llom\u00e1son egy grill t\u00e1lat, \u00fcd\u00edt\u0151t \u00e9s valamilyen \u00e9dess\u00e9get is kapunk. Ami miatt mindk\u00e9pp \u00e9rdemes ezt a m\u00f3dit v\u00e1lasztani, az a kisp\u00e1rna, ami szint\u00e9n j\u00e1r a jegyhez. A hossz\u00fa, nek\u00fcnk 6 \u00f3r\u00e1s k\u00f6r\u00faton a kem\u00e9ny \u00fcl\u0151ke ellen j\u00f3t\u00e9kony a hat\u00e1sa.<\/p>\n<p>&nbsp;<\/p>\n<h4>Vaszer-v\u00f6lgyi erd\u00e9szeti vas\u00fatvonal<\/h4>\n<p><img decoding=\"async\" loading=\"lazy\" class=\"aligncenter size-full wp-image-336\" src=\"http:\/\/www.dzs-z.hu\/turawp\/wp-content\/uploads\/2014\/10\/karpatok-cffviseu-kisvonat-640.jpg\" alt=\"karpatok-cffviseu-kisvonat-640\" width=\"640\" height=\"275\" srcset=\"http:\/\/www.dzs-z.hu\/turawp\/wp-content\/uploads\/2014\/10\/karpatok-cffviseu-kisvonat-640.jpg 640w, http:\/\/www.dzs-z.hu\/turawp\/wp-content\/uploads\/2014\/10\/karpatok-cffviseu-kisvonat-640-300x128.jpg 300w, http:\/\/www.dzs-z.hu\/turawp\/wp-content\/uploads\/2014\/10\/karpatok-cffviseu-kisvonat-640-624x268.jpg 624w\" sizes=\"(max-width: 640px) 100vw, 640px\" \/><\/p>\n<p>A M\u00e1ramarosi-havasokban tal\u00e1lhat\u00f3 <i>Vaser<\/i> (Wasser, Vas-\u00e9r) v\u00f6lgy\u00e9ben m\u0171k\u00f6dik Erd\u00e9ly egyik utols\u00f3 keskeny nyomt\u00e1v\u00fa (760 mm) erdei vas\u00fatja. A vadreg\u00e9nyes t\u00e1jon zakatol\u00f3 g\u0151zvas\u00fat (melyet \u201e<i>moc\u0103ni\u0163a<\/i>\u201d, azaz k\u00e1v\u00e9dar\u00e1l\u00f3 n\u00e9ven emlegetnek) 1933-35 k\u00f6z\u00f6tt \u00e9p\u00fclt, erd\u0151kitermel\u00e9si c\u00e9llal. Eredeti funkci\u00f3ja mellett 2004 \u00f3ta &#8211; egy lelkes sv\u00e1jci t\u00e1mogat\u00f3nak k\u00f6sz\u00f6nhet\u0151en &#8211; turisztikai l\u00e1tv\u00e1nyoss\u00e1gk\u00e9nt is szolg\u00e1l, ak\u00e1r b\u00e9relhet\u0151 is. \u00dczemeltet\u0151je a C\u0103ile Ferate Forestiere t\u00e1rsas\u00e1g.<\/p>\n<p>A kisvas\u00fat f\u0151vonala 43 km hosszan kanyarog Fels\u0151vis\u00f3t\u00f3l (<i>Viseu de Sus<\/i>) eg\u00e9szen az ukr\u00e1n hat\u00e1rt k\u00e9pez\u0151 hegyek l\u00e1b\u00e1hoz (<i>Coman<\/i>), b\u00e1r jobb\u00e1ra csak <i>Faina<\/i> meg\u00e1ll\u00f3helyig k\u00f6zlekedik. Ez az \u00fat ir\u00e1nyonk\u00e9nt 3-4 \u00f3r\u00e1ba telik a \u201ek\u00e9nyelmes\u201d 10 km\/h halad\u00e1si sebess\u00e9ggel. A f\u0151vonalr\u00f3l k\u00e9t mell\u00e9k\u00e1g v\u00e1lik le: a <i>Novat<\/i> v\u00f6lgybe (13 km) \u00e9s a <i>Stevioara<\/i> v\u00f6lgybe (3 km).<\/p>\n<p>A 2008. j\u00falius v\u00e9g\u00e9n levonult nagy \u00e1rv\u00edz t\u00f6bb helyen is elmosta a patakmeder sz\u00e9l\u00e9n vezetett v\u00e1g\u00e1nyokat, 2008. december k\u00f6zep\u00e9re azonban siker\u00fclt helyre\u00e1ll\u00edtani a k\u00e1rok nagy r\u00e9sz\u00e9t, \u00edgy a k\u00f6zleked\u00e9s \u00fajra lehet\u0151v\u00e9 v\u00e1lt a teljes vonalon.<\/p>\n<p>\/ Bejegyz\u00e9s :\u00a0<a href=\"http:\/\/www.radnaihavasok.ro\/latnivalok\" target=\"_blank\" rel=\"nofollow\">http:\/\/www.radnaihavasok.ro\/latnivalok<\/a> \/<\/p>\n<p>&nbsp;<\/p>\n<div class=\"inpostadsfull\"><div style=\"margin:10px auto;text-align:center;\"><script async src=\"\/\/pagead2.googlesyndication.com\/pagead\/js\/adsbygoogle.js\"><\/script><!-- Dzs-recept-1 --><ins class=\"adsbygoogle\"     style=\"display:inline-block;width:728px;height:90px\"     data-ad-client=\"ca-pub-5246420517641697\"     data-ad-slot=\"3352945761\"><\/ins><script>(adsbygoogle = window.adsbygoogle || []).push({});<\/script><\/div><\/div>","protected":false},"excerpt":{"rendered":"<p>A M\u00e1ramarosi-havasokban tal\u00e1lhat\u00f3 Vaser (Wasser, Vas-\u00e9r) v\u00f6lgy\u00e9ben m\u0171k\u00f6dik Erd\u00e9ly egyik utols\u00f3 keskeny nyomt\u00e1v\u00fa erdei vas\u00fatja. <\/p>\n","protected":false},"author":1,"featured_media":335,"comment_status":"closed","ping_status":"closed","sticky":false,"template":"","format":"standard","meta":{"footnotes":""},"categories":[69],"tags":[70,71,13,73,74,72],"_links":{"self":[{"href":"http:\/\/www.dzs-z.hu\/tura\/wp-json\/wp\/v2\/posts\/334"}],"collection":[{"href":"http:\/\/www.dzs-z.hu\/tura\/wp-json\/wp\/v2\/posts"}],"about":[{"href":"http:\/\/www.dzs-z.hu\/tura\/wp-json\/wp\/v2\/types\/post"}],"author":[{"embeddable":true,"href":"http:\/\/www.dzs-z.hu\/tura\/wp-json\/wp\/v2\/users\/1"}],"replies":[{"embeddable":true,"href":"http:\/\/www.dzs-z.hu\/tura\/wp-json\/wp\/v2\/comments?post=334"}],"version-history":[{"count":5,"href":"http:\/\/www.dzs-z.hu\/tura\/wp-json\/wp\/v2\/posts\/334\/revisions"}],"predecessor-version":[{"id":485,"href":"http:\/\/www.dzs-z.hu\/tura\/wp-json\/wp\/v2\/posts\/334\/revisions\/485"}],"wp:featuredmedia":[{"embeddable":true,"href":"http:\/\/www.dzs-z.hu\/tura\/wp-json\/wp\/v2\/media\/335"}],"wp:attachment":[{"href":"http:\/\/www.dzs-z.hu\/tura\/wp-json\/wp\/v2\/media?parent=334"}],"wp:term":[{"taxonomy":"category","embeddable":true,"href":"http:\/\/www.dzs-z.hu\/tura\/wp-json\/wp\/v2\/categories?post=334"},{"taxonomy":"post_tag","embeddable":true,"href":"http:\/\/www.dzs-z.hu\/tura\/wp-json\/wp\/v2\/tags?post=334"}],"curies":[{"name":"wp","href":"https:\/\/api.w.org\/{rel}","templated":true}]}}