{"id":413,"date":"2008-06-15T22:28:25","date_gmt":"2008-06-15T22:28:25","guid":{"rendered":"http:\/\/www.dzs-z.hu\/tura\/?p=413"},"modified":"2014-11-17T14:39:34","modified_gmt":"2014-11-17T14:39:34","slug":"dobogoko-visegrad-komp-okt-tura-2008-06-15","status":"publish","type":"post","link":"http:\/\/www.dzs-z.hu\/tura\/egyeb\/okt\/dobogoko-visegrad-komp-okt-tura-2008-06-15","title":{"rendered":"Dobog\u00f3k\u0151 &#8211; Visegr\u00e1d-komp OKT t\u00fara 2008-06-15"},"content":{"rendered":"<h3>Dobog\u00f3k\u0151 &#8211; Visegr\u00e1d-komp OKT<\/h3>\n<p>Az OKT szakasz hossza: 24,2 km<\/p>\n<p>Az OKT szakasz szintk\u00fcl\u00f6nbs\u00e9gi adatai:\u00a0+611\/-1200<\/p>\n<p>A 16. OKT szakasz el\u0151ir\u00e1nyzott id\u0151tartama: 7:02 \u00f3ra<\/p>\n<h4>A Dobog\u00f3k\u0151 &#8211; Visegr\u00e1d-komp OKT szakasz t\u00far\u00e1j\u00e1nak le\u00edr\u00e1sa<\/h4>\n<p>Az Orsz\u00e1gos K\u00e9k-t\u00fara Dobog\u00f3k\u0151 &#8211; Visegr\u00e1d-komp k\u00f6z\u00f6tti szakasz\u00e1nak a teljes\u00edt\u00e9se. Ez az OKT 16. sz\u00e1m\u00fa szakasza, a 16-os sz\u00e1m\u00fa t\u00far\u00e1ja.<\/p>\n<p>&nbsp;<\/p>\n<div class=\"inpostadsfull\"><div style=\"margin:10px auto;text-align:center;\"><script async src=\"\/\/pagead2.googlesyndication.com\/pagead\/js\/adsbygoogle.js\"><\/script><!-- Dzs-recept-1 --><ins class=\"adsbygoogle\"     style=\"display:inline-block;width:728px;height:90px\"     data-ad-client=\"ca-pub-5246420517641697\"     data-ad-slot=\"3352945761\"><\/ins><script>(adsbygoogle = window.adsbygoogle || []).push({});<\/script><\/div><\/div>","protected":false},"excerpt":{"rendered":"<p>Dobog\u00f3k\u0151 &#8211; Visegr\u00e1d-komp OKT Az OKT szakasz hossza: 24,2 km Az OKT szakasz szintk\u00fcl\u00f6nbs\u00e9gi adatai:\u00a0+611\/-1200 A 16. OKT szakasz el\u0151ir\u00e1nyzott id\u0151tartama: 7:02 \u00f3ra A Dobog\u00f3k\u0151 &#8211; Visegr\u00e1d-komp OKT szakasz t\u00far\u00e1j\u00e1nak le\u00edr\u00e1sa Az Orsz\u00e1gos K\u00e9k-t\u00fara Dobog\u00f3k\u0151 &#8211; Visegr\u00e1d-komp k\u00f6z\u00f6tti szakasz\u00e1nak a teljes\u00edt\u00e9se. Ez az OKT 16. sz\u00e1m\u00fa szakasza, a 16-os sz\u00e1m\u00fa t\u00far\u00e1ja. &nbsp;<\/p>\n","protected":false},"author":1,"featured_media":414,"comment_status":"closed","ping_status":"closed","sticky":false,"template":"","format":"standard","meta":{"footnotes":""},"categories":[32],"tags":[49,186,103,33,46,104,105],"_links":{"self":[{"href":"http:\/\/www.dzs-z.hu\/tura\/wp-json\/wp\/v2\/posts\/413"}],"collection":[{"href":"http:\/\/www.dzs-z.hu\/tura\/wp-json\/wp\/v2\/posts"}],"about":[{"href":"http:\/\/www.dzs-z.hu\/tura\/wp-json\/wp\/v2\/types\/post"}],"author":[{"embeddable":true,"href":"http:\/\/www.dzs-z.hu\/tura\/wp-json\/wp\/v2\/users\/1"}],"replies":[{"embeddable":true,"href":"http:\/\/www.dzs-z.hu\/tura\/wp-json\/wp\/v2\/comments?post=413"}],"version-history":[{"count":1,"href":"http:\/\/www.dzs-z.hu\/tura\/wp-json\/wp\/v2\/posts\/413\/revisions"}],"predecessor-version":[{"id":415,"href":"http:\/\/www.dzs-z.hu\/tura\/wp-json\/wp\/v2\/posts\/413\/revisions\/415"}],"wp:featuredmedia":[{"embeddable":true,"href":"http:\/\/www.dzs-z.hu\/tura\/wp-json\/wp\/v2\/media\/414"}],"wp:attachment":[{"href":"http:\/\/www.dzs-z.hu\/tura\/wp-json\/wp\/v2\/media?parent=413"}],"wp:term":[{"taxonomy":"category","embeddable":true,"href":"http:\/\/www.dzs-z.hu\/tura\/wp-json\/wp\/v2\/categories?post=413"},{"taxonomy":"post_tag","embeddable":true,"href":"http:\/\/www.dzs-z.hu\/tura\/wp-json\/wp\/v2\/tags?post=413"}],"curies":[{"name":"wp","href":"https:\/\/api.w.org\/{rel}","templated":true}]}}