{"id":569,"date":"2016-10-17T11:55:17","date_gmt":"2016-10-17T11:55:17","guid":{"rendered":"http:\/\/www.dzs-z.hu\/tura\/?p=569"},"modified":"2017-05-28T18:51:44","modified_gmt":"2017-05-28T18:51:44","slug":"matrahaza-sirok-orszagos-kektura-2016-10-16","status":"publish","type":"post","link":"http:\/\/www.dzs-z.hu\/tura\/egyeb\/okt\/matrahaza-sirok-orszagos-kektura-2016-10-16","title":{"rendered":"M\u00e1trah\u00e1za &#8211; Sirok Orsz\u00e1gos K\u00e9kt\u00fara 2016-10-16"},"content":{"rendered":"<header class=\"entry-header\">\n<h3 class=\"entry-title\">M\u00e1trah\u00e1za &#8211; Sirok Orsz\u00e1gos K\u00e9kt\u00fara 2016-10-16<\/h3>\n<\/header>\n<div class=\"entry-content\">\n<h3>OKT M\u00e1tra, M\u00e1trah\u00e1za &#8211; Sirok, az OKT 21. szakasz teljes\u00edt\u00e9se<\/h3>\n<p>Az OKT szakasz hossza: 21,6 km<\/p>\n<p>Az OKT szakasz szintk\u00fcl\u00f6nbs\u00e9gi adatai: +854\/-1424<\/p>\n<p>A 21. OKT szakasz el\u0151ir\u00e1nyzott id\u0151tartama: 6:48 \u00f3ra<\/p>\n<h4>A M\u00e1trah\u00e1za Sirok k\u00f6z\u00f6tt OKT 20. szakasz t\u00far\u00e1j\u00e1nak le\u00edr\u00e1sa<\/h4>\n<p>Az <strong>Orsz\u00e1gos K\u00e9k-t\u00fara M\u00e1trah\u00e1za \u00e9s Sirok k\u00f6z\u00f6tti szakasz\u00e1nak<\/strong> a teljes\u00edt\u00e9se. Ez az <strong>OKT 21. sz\u00e1m\u00fa szakasza<\/strong>.<\/p>\n<p>\u00c9n azt v\u00e1lasztottam, hogy az Orsz\u00e1gos K\u00e9kt\u00far\u00e1t a M\u00e1trah\u00e1z\u00e1r\u00f3l indul\u00f3 pontr\u00f3l kezdem meg. Aut\u00f3val mentem ki \u00e9s a M\u00e1trah\u00e1za v\u00e9g\u00e9n tal\u00e1lhat\u00f3 nagy parkol\u00f3ban \u00e1lltam meg. Ez nagyon k\u00f6zel van a busz\u00e1llom\u00e1shoz, \u00edgy Sirokr\u00f3l ide \u00e9rkezhettem vissza.<\/p>\n<p>A b\u00e9lyegz\u00e9st a buszmeg\u00e1ll\u00f3 k\u00f6zel\u00e9ben lehet elv\u00e9gezni, majd a szemk\u00f6zt indul\u00f3 \u00faton vezet fel a k\u00e9k s\u00e1v jelz\u00e9s. Az \u00fat egy darabon a meredek aszfaltos \u00faton halad, azt\u00e1n egy kanyarban let\u00e9r\u00fcnk r\u00f3la, hogy a s\u00edp\u00e1lya alj\u00e1n l\u00e9v\u0151 erd\u0151s, bokros r\u00e9szen induljunk fel a lejt\u0151n. Hamar el\u00e9rj\u00fck a p\u00e1lya als\u00f3 szakasz\u00e1t, \u00e9s v\u00e1r r\u00e1nk az emelked\u0151 a s\u00edp\u00e1lya vonal\u00e1t k\u00f6vetve.<\/p>\n<h4>Orsz\u00e1gos K\u00e9kt\u00fara, M\u00e1tra, K\u00e9kes-tet\u0151<\/h4>\n<p>Hamar fel\u00e9rhet\u00fcnk a K\u00e9kes-tet\u0151re, t\u00f6bbsz\u00f6r j\u00e1rtam m\u00e1r itt, \u00edgy most egy gyors cs\u00facsk\u0151 f\u00e9nyk\u00e9pez\u00e9st k\u00f6vet\u0151en elmentem az igazol\u00f3 b\u00e9lyegz\u0151 beszerez\u00e9s\u00e9\u00e9rt. A b\u00e9lyegz\u0151t a cs\u00facsk\u0151t\u0151l jobbra lefel\u00e9 tart\u00f3 l\u00e9pcs\u0151 ir\u00e1ny\u00e1ban, majd egy \u00faton \u00e1t k\u00f6vetve, tov\u00e1bbi l\u00e9pcs\u0151k\u00f6n lefel\u00e9, egy ker\u00edt\u00e9s ment\u00e9n, a busz\u00e1llom\u00e1s \u00e9s egyben egy szanat\u00f3rium port\u00e1s f\u00fclk\u00e9j\u00e9n\u00e9l tal\u00e1ljuk.<\/p>\n<p>Ezt k\u00f6vet\u0151en vissza kell menn\u00fcnk a cs\u00facshoz \u00e9s a TV torony ir\u00e1ny\u00e1ba indulhatunk tov\u00e1bb. Itt m\u00e1r \u00fajra megtal\u00e1ljuk a k\u00e9k s\u00e1v jelz\u00e9st \u00e9s lassan elkezd\u00fcnk lefel\u00e9 menni a K\u00e9kes m\u00e1sik oldal\u00e1n. Nagy \u00e9s \u00f6reg f\u00e1k szeg\u00e9lyezik az utunk, n\u00e9hol sziklafal \u00e9s k\u0151oml\u00e1s szeg\u00e9lyezik az utunk. Elhaladunk az Erzs\u00e9bet-szikla \u00e9s a Sas-k\u0151 mellett is, ami egy Vil\u00e1gh\u00e1bor\u00fas Turista Eml\u00e9km\u0171 \u00e9s kil\u00e1t\u00f3hely.<\/p>\n<p>Ezut\u00e1n m\u00e9g kicsit felkapaszkodunk a Diszn\u00f3-k\u0151h\u00f6z, de azt\u00e1n folytatja az utunk a Markazi-kapu illetve Mraznica-tet\u0151 fel\u00e9 a lejt\u00e9st. Komoly szintk\u00fcl\u00f6nbs\u00e9g van ezen a szakaszon, majd 900m szintemelked\u00e9s \u00e9s 1400m szintcs\u00f6kken\u00e9s lehet oszt\u00e1lyr\u00e9sz\u00fcnk. Egy igazi m\u00e1trai szakasz, amely sok sz\u00e9ps\u00e9get rejt, emellett tesztelhetj\u00fck az \u00e1ll\u00f3k\u00e9pess\u00e9g\u00fcnket.<\/p>\n<h4>OKT H\u00e1rmashat\u00e1r<\/h4>\n<p>A H\u00e1rmashat\u00e1r pontot el\u00e9rve egy pihen\u0151t tal\u00e1lunk, itt van a pecs\u00e9tel\u0151hely is. Kit\u00e9r\u0151t tehet\u00fcnk az erd\u00e9szh\u00e1zhoz. Az utunk innen felfel\u00e9 folytat\u00f3dik, egy nagyobb emelked\u0151 ut\u00e1n s\u00edk t\u00e9rs\u00e9gre jutunk. Az utunk sor\u00e1n sok \u00e9rdekes \u00e1llatot is megfigyelhet\u00fcnk \u00e9n tal\u00e1lkoztam foltos szalamandr\u00e1val is.<\/p>\n<p>Az utunk a Nagy-Sz\u00e1r-hegy, Cserepesi-nyereg \u00fatvonalon folytat\u00f3dik, a Cserepes oldal\u00e1ban kis emelked\u0151 ut\u00e1n, majd t\u00faloldalt ereszkedve jutunk a Selyem-tiszt\u00e1sra, majd jutunk az Oroszl\u00e1nv\u00e1rhoz.<\/p>\n<p>\u00dajabb nyereg, kis emelked\u0151, majd lejt\u0151 v\u00e1ltja egym\u00e1st, sz\u00e9pen karbantartott k\u00e9k s\u00e1v jelz\u00e9sek vezetik az utaz\u00f3t. A kaptat\u00f3k meredekek \u00e9s f\u00e1raszt\u00f3ak, sz\u00e1m\u00edtani kell r\u00e1, hogy lecs\u00f6kken a halad\u00e1si sebess\u00e9g\u00fcnk. M\u0171k\u00f6d\u0151 forr\u00e1ssal nem tal\u00e1lkoztam, \u00edgy a teljes szakaszra elegend\u0151 folyad\u00e9kot c\u00e9lszer\u0171 magunkkal vinni.<\/p>\n<p>Ha elf\u00e1radtunk, akkor a K\u00e9k plusz jelz\u00e9sen,\u00a0 Nagy-Z\u00fag\u00f3-hegy ut\u00e1n pedig a k\u00e9k k\u00f6r \u00e9s k\u00e9k kereszt jelz\u00e9st k\u00f6vetve Recskre ereszkedhet\u00fcnk le a K\u0151b\u00e1nya \u00e9s a k\u00e9nyszermunkat\u00e1bor k\u00f6zel\u00e9ben.<\/p>\n<p>Aki tov\u00e1bb megy, az tov\u00e1bbra is az eddig megszokott \u00fatviszonyokra \u00e9s csod\u00e1latos t\u00e1jra, erd\u0151re sz\u00e1m\u00edtson.<\/p>\n<p>K\u00f6vetkezik a Szederjes-tet\u0151, majd a s\u00e1rga s\u00e1v jelz\u00e9s is csatlakozik egy darabon, ami szint\u00e9n utols\u00f3 lehet\u0151s\u00e9g\u00fcnk Recsk fel\u00e9 kisz\u00e1llni.<\/p>\n<p>Tov\u00e1bb haladva a Remete-tet\u0151, Csereszny\u00e9s-tet\u0151, Gazos-k\u0151 megm\u00e1sz\u00e1sa, \u00e9rint\u00e9se k\u00f6vetkezik. Ekkor m\u00e1r nagyj\u00e1b\u00f3l 500m-es tengerszint feletti magass\u00e1gban j\u00e1runk \u00e9s innen sz\u00e1m\u00edthatunk arra, hogy folyamatosan lefel\u00e9 haladunk.<\/p>\n<p>\u00c9rdemes tov\u00e1bbi id\u0151t sz\u00e1m\u00edtani a t\u00far\u00e1ra, hogy id\u0151ben \u00e9rkezz\u00fcnk le a vas\u00fat\u00e1llom\u00e1sra, amennyiben innen busszal szeretn\u00e9nk M\u00e1trah\u00e1z\u00e1ra visszajutni, ugyanis d\u00e9lut\u00e1n 5 ut\u00e1n nem lesz j\u00e1rat abban az ir\u00e1nyba. s\u0151t igaz\u00e1b\u00f3l m\u00e1sfel\u00e9 sem.<\/p>\n<p>&nbsp;<\/p>\n<\/div>\n<div class=\"inpostadsfull\"><div style=\"margin:10px auto;text-align:center;\"><script async src=\"\/\/pagead2.googlesyndication.com\/pagead\/js\/adsbygoogle.js\"><\/script><!-- Dzs-recept-1 --><ins class=\"adsbygoogle\"     style=\"display:inline-block;width:728px;height:90px\"     data-ad-client=\"ca-pub-5246420517641697\"     data-ad-slot=\"3352945761\"><\/ins><script>(adsbygoogle = window.adsbygoogle || []).push({});<\/script><\/div><\/div>","protected":false},"excerpt":{"rendered":"<p>Orsz\u00e1gos K\u00e9kt\u00fara 21. szakasz : M\u00e1trah\u00e1za \u00e9s Sirok k\u00f6z\u00f6tti t\u00fara a M\u00e1tr\u00e1ban.<\/p>\n","protected":false},"author":1,"featured_media":570,"comment_status":"open","ping_status":"closed","sticky":false,"template":"","format":"standard","meta":{"footnotes":""},"categories":[187,32],"tags":[199,201,109,200,186,234,33,107],"_links":{"self":[{"href":"http:\/\/www.dzs-z.hu\/tura\/wp-json\/wp\/v2\/posts\/569"}],"collection":[{"href":"http:\/\/www.dzs-z.hu\/tura\/wp-json\/wp\/v2\/posts"}],"about":[{"href":"http:\/\/www.dzs-z.hu\/tura\/wp-json\/wp\/v2\/types\/post"}],"author":[{"embeddable":true,"href":"http:\/\/www.dzs-z.hu\/tura\/wp-json\/wp\/v2\/users\/1"}],"replies":[{"embeddable":true,"href":"http:\/\/www.dzs-z.hu\/tura\/wp-json\/wp\/v2\/comments?post=569"}],"version-history":[{"count":5,"href":"http:\/\/www.dzs-z.hu\/tura\/wp-json\/wp\/v2\/posts\/569\/revisions"}],"predecessor-version":[{"id":675,"href":"http:\/\/www.dzs-z.hu\/tura\/wp-json\/wp\/v2\/posts\/569\/revisions\/675"}],"wp:featuredmedia":[{"embeddable":true,"href":"http:\/\/www.dzs-z.hu\/tura\/wp-json\/wp\/v2\/media\/570"}],"wp:attachment":[{"href":"http:\/\/www.dzs-z.hu\/tura\/wp-json\/wp\/v2\/media?parent=569"}],"wp:term":[{"taxonomy":"category","embeddable":true,"href":"http:\/\/www.dzs-z.hu\/tura\/wp-json\/wp\/v2\/categories?post=569"},{"taxonomy":"post_tag","embeddable":true,"href":"http:\/\/www.dzs-z.hu\/tura\/wp-json\/wp\/v2\/tags?post=569"}],"curies":[{"name":"wp","href":"https:\/\/api.w.org\/{rel}","templated":true}]}}