{"id":60,"date":"2006-06-10T22:19:53","date_gmt":"2006-06-10T22:19:53","guid":{"rendered":"http:\/\/www.dzs-z.hu\/tura\/?p=60"},"modified":"2017-04-01T12:26:04","modified_gmt":"2017-04-01T12:26:04","slug":"bukkszentkereszt-hollosteto-bukkszentkereszt-2006-06-10","status":"publish","type":"post","link":"http:\/\/www.dzs-z.hu\/tura\/bukk\/bukkszentkereszt-hollosteto-bukkszentkereszt-2006-06-10","title":{"rendered":"B\u00fckkszentkereszt &#8211; Holl\u00f3stet\u0151 &#8211; B\u00fckkszentkereszt &#8211; 2006-06-10"},"content":{"rendered":"<div class=\"brcs\">\u2217 <a title=\"T\u00fara le\u00edr\u00e1sok, ismertet\u00fak dzs-z t\u00fara k\u00e9pei\" href=\"\/tura\">T\u00fara<\/a> \u00bb <a title=\"Dzs-z t\u00fara le\u00edr\u00e1sok a B\u00fckk-hegys\u00e9gbeli t\u00fara le\u00edr\u00e1s \" href=\"\/tura\/bukk\">B\u00fckk-hegys\u00e9g<\/a> \u00bb <a title=\"B\u00fckkszentkereszt \u2013 Holl\u00f3stet\u0151 \u2013 B\u00fckkszentkereszt \u2013 2006-06-10\" href=\"http:\/\/www.dzs-z.hu\/tura\/bukk\/bukkszentkereszt-hollosteto-bukkszentkereszt-2006-06-10\">B\u00fckkszentkereszt &#8211; Holl\u00f3stet\u0151 t\u00fara<\/a><\/div>\n<h2>B\u00fckkszentkereszt &#8211; Holl\u00f3stet\u0151 &#8211; B\u00fckkszentkereszt<\/h2>\n<p><b>A t\u00fara \u00fatvonala: <\/b><br \/>\nB\u00fckkszentkereszt <a class=\"nolink\" title=\"S\u00e1rga s\u00e1v turista jelz\u00e9s\" href=\"\/tura\/turistajelzes\"><img decoding=\"async\" class=\"turistajelzeskep\" src=\"\/images\/tura\/jelzesek\/sasav1.gif\" alt=\"S\u00e1rga s\u00e1v turista jelz\u00e9s\" \/><\/a> &#8211; Ifjus\u00e1gi-t\u00e1bor &#8211; Holdviola-tan\u00f6sv\u00e9ny &#8211; IV. B\u00e9la eml\u00e9km\u0171 <a class=\"nolink\" title=\"K\u00e9k s\u00e1v turista jelz\u00e9s\" href=\"\/tura\/turistajelzes\"><img decoding=\"async\" class=\"turistajelzeskep\" src=\"\/images\/tura\/jelzesek\/kesav1.gif\" alt=\"K\u00e9k s\u00e1v turista jelz\u00e9s\" \/><\/a> &#8211; M\u00e9sz\u00e1rsz\u00e9k <a class=\"nolink\" title=\"Z\u00f6ld s\u00e1v turista jelz\u00e9s\" href=\"\/tura\/turistajelzes\"><img decoding=\"async\" class=\"turistajelzeskep\" src=\"\/images\/tura\/jelzesek\/zosav1.gif\" alt=\"Z\u00f6ld s\u00e1v turista jelz\u00e9s\" \/><\/a> &#8211; L\u00f3f\u0151-tiszt\u00e1s &#8211; Mez\u0151hegyes &#8211; Bodz\u00e1s-r\u00e9t &#8211; M\u00e9nes-l\u00e1pa <a class=\"nolink\" title=\"Piros s\u00e1v turista jelz\u00e9s\" href=\"\/tura\/turistajelzes\"><img decoding=\"async\" class=\"turistajelzeskep\" src=\"\/images\/tura\/jelzesek\/pisav1.gif\" alt=\"Piros s\u00e1v turista jelz\u00e9s\" \/><\/a> &#8211; Holl\u00f3stet\u0151 <a class=\"nolink\" title=\"Piros s\u00e1v turista jelz\u00e9s\" href=\"\/tura\/turistajelzes\"><img decoding=\"async\" class=\"turistajelzeskep\" src=\"\/images\/tura\/jelzesek\/pisav1.gif\" alt=\"Piros s\u00e1v turista jelz\u00e9s\" \/><\/a> <a class=\"nolink\" title=\"S\u00e1rga s\u00e1v turista jelz\u00e9s\" href=\"\/tura\/turistajelzes\"><img decoding=\"async\" class=\"turistajelzeskep\" src=\"\/images\/tura\/jelzesek\/sasav1.gif\" alt=\"S\u00e1rga s\u00e1v turista jelz\u00e9s\" \/><\/a> &#8211; Nagy-Holl\u00f3s <a class=\"nolink\" title=\"S\u00e1rga s\u00e1v turista jelz\u00e9s\" href=\"\/tura\/turistajelzes\"><img decoding=\"async\" class=\"turistajelzeskep\" src=\"\/images\/tura\/jelzesek\/sasav1.gif\" alt=\"S\u00e1rga s\u00e1v turista jelz\u00e9s\" \/><\/a> &#8211; B\u00fckkszentkereszt <a class=\"nolink\" title=\"K\u00e9k s\u00e1v turista jelz\u00e9s\" href=\"\/tura\/turistajelzes\"><img decoding=\"async\" class=\"turistajelzeskep\" src=\"\/images\/tura\/jelzesek\/kesav1.gif\" alt=\"K\u00e9k s\u00e1v turista jelz\u00e9s\" \/><\/a> <a class=\"nolink\" title=\"S\u00e1rga s\u00e1v turista jelz\u00e9s\" href=\"\/tura\/turistajelzes\"><img decoding=\"async\" class=\"turistajelzeskep\" src=\"\/images\/tura\/jelzesek\/sasav1.gif\" alt=\"S\u00e1rga s\u00e1v turista jelz\u00e9s\" \/><\/a> &#8211; B\u00fckkszentkereszt <a class=\"nolink\" title=\"S\u00e1rga s\u00e1v turista jelz\u00e9s\" href=\"\/tura\/turistajelzes\"><img decoding=\"async\" class=\"turistajelzeskep\" src=\"\/images\/tura\/jelzesek\/sasav1.gif\" alt=\"S\u00e1rga s\u00e1v turista jelz\u00e9s\" \/><\/a><\/p>\n<p>2006.06.10. Egy kellemes, csendes h\u00e9tv\u00e9g\u00e9re kiutaztunk B\u00fckkszentkeresztre. Azt gondolom,<br \/>\nha pihen\u00e9sre, \u00e9s csendre, j\u00f3 leveg\u0151re v\u00e1gyik az ember, akkor ide\u00e1lis v\u00e1laszt\u00e1s, a telep\u00fcl\u00e9s.<\/p>\n<div class=\"thumb_wrapper margin_r20\" style=\"float: left;\"><a title=\"Ker\u00e9kp\u00e1r\u00fat a B\u00fckkben\" href=\"\/kepinfo\/49\/2957\/index.html\"><img decoding=\"async\" loading=\"lazy\" class=\"alignleft\" src=\"\/modules\/kepmutat.php?dir=49&amp;kep=2957\" alt=\"Ker\u00e9kp\u00e1r\u00fat a B\u00fckkben\" width=\"198\" height=\"146\" align=\"left\" \/><\/a><\/div>\n<p>Mivel reggel \u00e9rkezt\u00fcnk a telep\u00fcl\u00e9sre, \u00edgy nem indultunk t\u00fals\u00e1gosan kor\u00e1n t\u00far\u00e1zni sem.<br \/>\nA telep\u00fcl\u00e9sen \u00e1tvezet\u0151 <a class=\"nolink\" title=\"S\u00e1rga s\u00e1v turista jelz\u00e9s\" href=\"\/tura\/turistajelzes\"><img decoding=\"async\" class=\"turistajelzeskep\" src=\"\/images\/tura\/jelzesek\/sasav1.gif\" alt=\"S\u00e1rga s\u00e1v turista jelz\u00e9s\" \/><\/a> jelz\u00e9sen indultunk ki a falub\u00f3l, de lev\u00e1gva az utat a r\u00e9gi\u00a0 &#8222;\u00fatt\u00f6r\u0151&#8221; t\u00e1bor fel\u00e9 vett\u00fck az ir\u00e1nyt. Innen egy a t\u00e1borhoz tartoz\u00f3 t\u00e9rk\u00e9pen nem jelzett\u00a0 \u00f6sv\u00e9nyen ment\u00fcnk \u00e1t a <a class=\"nolink\" title=\"K\u00e9k s\u00e1v turista jelz\u00e9s\" href=\"\/tura\/turistajelzes\"><img decoding=\"async\" class=\"turistajelzeskep\" src=\"\/images\/tura\/jelzesek\/kesav1.gif\" alt=\"K\u00e9k s\u00e1v turista jelz\u00e9s\" \/><\/a> turistajelz\u00e9sre. Ez a L\u00f3f\u0151 tiszt\u00e1s fel\u00e9 vezet, \u00e1t a\u00a0 M\u00e9sz\u00e1rsz\u00e9k nevezet\u0171 helyen.<br \/>\nAz \u00fat egy\u00e9bk\u00e9nt aszfaltos, mert egyben egy z\u00f6ld ker\u00e9kp\u00e1r\u00fatnak is helyet ad.<\/p>\n<div class=\"thumb_wrapper margin_r20\" style=\"float: right;\"><a title=\"Vir\u00e1gos r\u00e9t\" href=\"\/kepinfo\/49\/2917\/index.html\"><img decoding=\"async\" loading=\"lazy\" class=\"alignright\" src=\"\/modules\/kepmutat.php?dir=49&amp;kep=2917\" alt=\"Vir\u00e1gos r\u00e9t\" width=\"198\" height=\"146\" align=\"right\" \/><\/a><\/div>\n<p>Csendes, sz\u00e9p id\u0151nk volt, b\u00e1r kiss\u00e9 borult az \u00e9g, nem lehetett tudni, hogy elkapunk-e valami es\u0151t.<br \/>\nAz utunk sor\u00e1n t\u00f6bb turist\u00e1val is tal\u00e1lkoztunk, ugyanis valamilyen t\u00e1j\u00e9koz\u00f3d\u00e1si verseny tartottak ezen az \u00fatvonalon.<br \/>\nMi nem k\u00f6vett\u00fck a <a class=\"nolink\" title=\"K\u00e9k s\u00e1v turista jelz\u00e9s\" href=\"\/tura\/turistajelzes\"><img decoding=\"async\" class=\"turistajelzeskep\" src=\"\/images\/tura\/jelzesek\/kesav1.gif\" alt=\"K\u00e9k s\u00e1v turista jelz\u00e9s\" \/><\/a> jelz\u00e9st, mert az elker\u00fclte volna a L\u00f3f\u0151-tiszt\u00e1st, hanem\u00a0 haladtunk tov\u00e1bb a ker\u00e9kp\u00e1r\u00faton. Meg-meg\u00e1lltunk a fenyvesekkel, majd v\u00e1ltakoz\u00f3 f\u00e1s erd\u0151 mellett, n\u00e9ha be is ment\u00fcnk f\u00e9nyk\u00e9pezni az erd\u0151be. Ekkor a <a class=\"nolink\" title=\"Z\u00f6ld s\u00e1v turista jelz\u00e9s\" href=\"\/tura\/turistajelzes\"><img decoding=\"async\" class=\"turistajelzeskep\" src=\"\/images\/tura\/jelzesek\/zosav1.gif\" alt=\"Z\u00f6ld s\u00e1v turista jelz\u00e9s\" \/><\/a> turistajelz\u00e9sen haladtunk d\u00e9l fel\u00e9. Hamarosan M\u00e9sz\u00e1rsz\u00e9k ter\u00fclet\u00e9re \u00e9rkezt\u00fcnk.<\/p>\n<div class=\"thumb_wrapper margin_r20\" style=\"float: left;\"><a title=\"Csend\u00e9let a B\u00fckkben\" href=\"\/kepinfo\/49\/2953\/index.html\"><img decoding=\"async\" loading=\"lazy\" class=\"alignleft\" src=\"\/modules\/kepmutat.php?dir=49&amp;kep=2953\" alt=\"Csend\u00e9let a B\u00fckkben\" width=\"198\" height=\"146\" align=\"left\" \/><\/a><\/div>\n<p>A t\u00e1j mag\u00e1\u00e9rt besz\u00e9l, mindenkinek tudom aj\u00e1nlani, hisz p\u00e1r kilom\u00e9tert kell csak gyalogolni, \u00e9s milyen sz\u00e9p helyre ker\u00fclhet\u00fcnk. Nagyon el tudn\u00e1m k\u00e9pzelni az\u00a0 \u00e9letemet egy ilyen k\u00f6rnyezetben. Sz\u00e9p lassan be\u00e9rkezt\u00fcnk a L\u00f3f\u0151-tiszt\u00e1sra, majd a\u00a0 k\u00f6zepe t\u00e1j\u00e1n egy jobbra let\u00e9r\u0151 \u00faton elkanyarodtunk. A terveinkben egy nagyobb\u00a0 \u00fatvonal bej\u00e1r\u00e1sa szerepelt, de a kisz\u00e1m\u00edthatatlan id\u0151re tekintettel a k\u00f6ves \u00faton\u00a0 folytattuk az utunk. Egy r\u00f6vid s\u00e9ta ut\u00e1n keresztezt\u00fck a B\u00fckki-k\u00e9k <a class=\"nolink\" title=\"K\u00e9k s\u00e1v turista jelz\u00e9s\" href=\"\/tura\/turistajelzes\"><img decoding=\"async\" class=\"turistajelzeskep\" src=\"\/images\/tura\/jelzesek\/kesav1.gif\" alt=\"K\u00e9k s\u00e1v turista jelz\u00e9s\" \/><\/a> turista jelz\u00e9st\u00a0 \u00fajra. Azonban mi maradtunk a kik\u00f6vezett \u00faton, haladtunk a k\u00f6vetkez\u0151 jelz\u00e9sig a\u00a0 M\u00e9nes-l\u00e1pa tal\u00e1lkoz\u00e1s\u00e1ig.<\/p>\n<div class=\"thumb_wrapper margin_r20\" style=\"float: right;\"><a title=\"M\u00e9nes-l\u00e1pa \u00fatja\" href=\"\/kepinfo\/49\/2939\/index.html\"><img decoding=\"async\" loading=\"lazy\" class=\"alignright\" src=\"\/modules\/kepmutat.php?dir=49&amp;kep=2939\" alt=\"M\u00e9nes-l\u00e1pa \u00fatja\" width=\"198\" height=\"146\" align=\"right\" \/><\/a><\/div>\n<p>A M\u00e9nes-l\u00e1pa bevezet\u0151 \u00fatj\u00e1n vezet a <a class=\"nolink\" title=\"Piros s\u00e1v turista jelz\u00e9s\" href=\"\/tura\/turistajelzes\"><img decoding=\"async\" class=\"turistajelzeskep\" src=\"\/images\/tura\/jelzesek\/pisav1.gif\" alt=\"Piros s\u00e1v turista jelz\u00e9s\" \/><\/a> turista jelz\u00e9s, \u00edgy nem neh\u00e9z megtal\u00e1lni.\u00a0 Ezzel jobbra fordulva r\u00e1t\u00e9rt\u00fcnk a Holl\u00f3tet\u0151re vezet\u0151 \u00fatra. A terveink alapj\u00e1n itt\u00a0 szerett\u00fcnk volna megeb\u00e9delni, vagy ha a helyzet \u00fagy adja, akkor a magunkkal hozott\u00a0 szalonn\u00e1t \u00e9s kolb\u00e1szt megs\u00fctni \u00e9s a kenyer\u00fcnkre cs\u00f6p\u00f6gtetni. Ebb\u0151l sajnos nem lett\u00a0 semmi, mert nem tal\u00e1lkoztunk kijel\u00f6lt\/ki\u00e9p\u00edtett t\u0171zrak\u00f3 hellyel, valamint k\u00e9s\u0151bb a\u00a0 sz\u00e9l is felt\u00e1madt, mintegy jelezve a v\u00e1rhat\u00f3 es\u0151t. Folytattuk teh\u00e1t utunk a <a class=\"nolink\" title=\"Piros s\u00e1v turista jelz\u00e9s\" href=\"\/tura\/turistajelzes\"><img decoding=\"async\" class=\"turistajelzeskep\" src=\"\/images\/tura\/jelzesek\/pisav1.gif\" alt=\"Piros s\u00e1v turista jelz\u00e9s\" \/><\/a> jelz\u00e9sen Holl\u00f3stet\u0151 fel\u00e9. A p\u00e1r kilom\u00e9teres \u00fat sor\u00e1n v\u00e9gig tapasztaltuk, hogy nagy a\u00a0 nagy mennyis\u00e9g\u0171 csapad\u00e9k ami kor\u00e1bban Miskolc iv\u00f3v\u00edz ell\u00e1t\u00e1s\u00e1t is akad\u00e1lyozta itt is\u00a0 jelen volt.<\/p>\n<div class=\"thumb_wrapper margin_r20\" style=\"float: left;\"><a title=\"Moh\u00e1s fatusk\u00f3\" href=\"\/kepinfo\/49\/2936\/index.html\"><img decoding=\"async\" loading=\"lazy\" class=\"alignleft\" src=\"\/modules\/kepmutat.php?dir=49&amp;kep=2936\" alt=\"Moh\u00e1s fatusk\u00f3\" width=\"198\" height=\"146\" align=\"left\" \/><\/a><\/div>\n<p>Holl\u00f3tet\u0151re \u00e9rve megszapor\u00e1ztuk a l\u00e9pteink, mert k\u00fcsz\u00f6b\u00f6n \u00e1llt, hogy az \u00e9g r\u00e1nk szakad. Ez\u00e9rt nem sokat id\u0151zt\u00fcnk a kis telep\u00fcl\u00e9sen, hanem a <a class=\"nolink\" title=\"Piros s\u00e1v turista jelz\u00e9s\" href=\"\/tura\/turistajelzes\"><img decoding=\"async\" class=\"turistajelzeskep\" src=\"\/images\/tura\/jelzesek\/pisav1.gif\" alt=\"Piros s\u00e1v turista jelz\u00e9s\" \/><\/a> jelz\u00e9st k\u00f6vetve, majd a <a class=\"nolink\" title=\"Piros s\u00e1v turista jelz\u00e9s\" href=\"\/tura\/turistajelzes\"><img decoding=\"async\" class=\"turistajelzeskep\" src=\"\/images\/tura\/jelzesek\/pisav1.gif\" alt=\"Piros s\u00e1v turista jelz\u00e9s\" \/><\/a> \u00e9s a <a class=\"nolink\" title=\"S\u00e1rga s\u00e1v turista jelz\u00e9s\" href=\"\/tura\/turistajelzes\"><img decoding=\"async\" class=\"turistajelzeskep\" src=\"\/images\/tura\/jelzesek\/sasav1.gif\" alt=\"S\u00e1rga s\u00e1v turista jelz\u00e9s\" \/><\/a> k\u00f6z\u00f6s turista jelz\u00e9sen haladva bevetett\u00fck magunkat az erd\u0151be. Itt a kor\u00e1bbi szakaszokon megszokott, kij\u00e1rt \u00f6sv\u00e9ny elmaradt ugyan, de<br \/>\na kev\u00e9sb\u00e9 j\u00e1rt \u00f6sv\u00e9ny is m\u00e9g mindig jobb \u00e1llapotban volt, mint amit kor\u00e1bban a V\u00e9rtes, \u00e9s Bakony egyes \u00fatjain tapasztaltunk. Utunk itt egy \u00fajabb keresztez\u0151d\u00e9shez\u00a0 rt, ahol a B\u00fckkszentkereszt fel\u00e9 vezet\u0151 <a class=\"nolink\" title=\"S\u00e1rga s\u00e1v turista jelz\u00e9s\" href=\"\/tura\/turistajelzes\"><img decoding=\"async\" class=\"turistajelzeskep\" src=\"\/images\/tura\/jelzesek\/sasav1.gif\" alt=\"S\u00e1rga s\u00e1v turista jelz\u00e9s\" \/><\/a> jelz\u00e9sen indultunk meg.<\/p>\n<div class=\"thumb_wrapper margin_r20\" style=\"float: right;\"><a title=\"Szuper dagonya az erd\u0151 k\u00f6zep\u00e9n\" href=\"\/kepinfo\/49\/2970\/index.html\"><img decoding=\"async\" loading=\"lazy\" class=\"alignright\" src=\"\/modules\/kepmutat.php?dir=49&amp;kep=2970\" alt=\"Szuper dagonya az erd\u0151 k\u00f6zep\u00e9n\" width=\"198\" height=\"146\" align=\"right\" \/><\/a><\/div>\n<p>Az \u00e1ltalunk k\u00f6vetett <a class=\"nolink\" title=\"S\u00e1rga s\u00e1v turista jelz\u00e9s\" href=\"\/tura\/turistajelzes\"><img decoding=\"async\" class=\"turistajelzeskep\" src=\"\/images\/tura\/jelzesek\/sasav1.gif\" alt=\"S\u00e1rga s\u00e1v turista jelz\u00e9s\" \/><\/a> jelz\u00e9s tulajdonk\u00e9pp a B\u00fckkszentkeresztre vezet\u0151 orsz\u00e1g\u00fattal p\u00e1rhozamosan halad az erd\u0151ben. Sz\u00e9p csendes, nyugodt \u00f6sv\u00e9ny. P\u00e1r kilom\u00e9tert kell csak megtenni, \u00e9s balr\u00f3l a jelz\u00e9shez csatlakozik a <a class=\"nolink\" title=\"K\u00e9k s\u00e1v turista jelz\u00e9s\" href=\"\/tura\/turistajelzes\"><img decoding=\"async\" class=\"turistajelzeskep\" src=\"\/images\/tura\/jelzesek\/kesav1.gif\" alt=\"K\u00e9k s\u00e1v turista jelz\u00e9s\" \/><\/a> turista jelz\u00e9s, de csak az\u00e9rt, hogy a telep\u00fcl\u00e9s elej\u00e9n el is v\u00e1ljon \u00fajra, \u00e9s visszat\u00e9rjen az erd\u0151be. Ezen az \u00faton m\u00e1r t\u00e9len j\u00e1rtunk,<br \/>\n\u00edgy ismer\u0151s volt a hely, nem lehetett elt\u00e9vedni. Egy\u00e9bk\u00e9nt azt hiszem, hogy lehet \u00e1ll\u00edtani, hogy ezen a k\u00f6rny\u00e9ken tal\u00e1lhat\u00f3 turista utak<br \/>\nrendben vannak tartva, minden jelz\u00e9st meg lehet tal\u00e1lni, \u00e9s egy t\u00e9rk\u00e9p alapj\u00e1n k\u00f6nnyen lehet t\u00e1j\u00e9koz\u00f3dni.<\/p>\n<div class=\"thumb_wrapper margin_r20\" style=\"float: left;\"><a title=\"B\u00fckkszentkereszti eml\u00e9khely\" href=\"\/kepinfo\/49\/2967\/index.html\"><img decoding=\"async\" loading=\"lazy\" class=\"alignleft\" src=\"\/modules\/kepmutat.php?dir=49&amp;kep=2967\" alt=\"B\u00fckkszentkereszti eml\u00e9khely\" width=\"198\" height=\"146\" align=\"left\" \/><\/a><\/div>\n<p>Utunk itt szinte v\u00e9get \u00e9rt, vissza\u00e9rt\u00fcnk a telep\u00fcl\u00e9sre. V\u00e9gigs\u00e9t\u00e1ltunk a f\u0151utc\u00e1n a sz\u00e1ll\u00e1sunk fel\u00e9. Mire meg\u00e9rkezt\u00fcnk az id\u0151 is \u00fagy d\u00f6nt\u00f6tt, hogy tov\u00e1bb nem \u00e9rdemes v\u00e1rnia, elkezdhet esni. Az\u00e9rt nem adtuk fel, \u00e9s az es\u0151sz\u00fcnetben a vend\u00e9gl\u00e1t\u00f3ink udvar\u00e1n elk\u00e9sz\u00edtett\u00fck kellemes zs\u00edros keny\u00e9r, s\u00fclt kolb\u00e1sz \u00e9s s\u00fclt szalonn\u00e1b\u00f3l \u00e1ll\u00f3 vacsor\u00e1nkat. Azt\u00e1n a tv sportm\u0171sorait n\u00e9zve pihent\u00fcnk egy kicsit, majd le\u00fclt\u00fcnk j\u00e1tszani. \ud83d\ude42<br \/>\nKi-ki a saj\u00e1t kedve szerint v\u00e1lasztott.<\/p>\n<ul>\n<li>A t\u00fara k\u00e9peit megtekintheti a k\u00f6vetkez\u0151 gal\u00e9ri\u00e1ban: <a title=\"B\u00fckkszentkereszt k\u00e9p gal\u00e9ria\" href=\"\/galeria\/49\/index.html\">B\u00fckkszentkereszt k\u00e9p gal\u00e9ria<\/a>.<\/li>\n<li>Egy kor\u00e1bbi B\u00fckkszentkeresztet \u00e9rint\u0151 k\u00e9pgal\u00e9ria: <a title=\"B\u00fckkszentkereszt k\u00e9p gal\u00e9ria\" href=\"\/galeria\/5\/index.html\">B\u00fckkszentkereszt k\u00e9p gal\u00e9ria<\/a>.<\/li>\n<li>Egy\u00e9b t\u00far\u00e1z\u00e1ssal kapcsolatos k\u00e9pgal\u00e9ri\u00e1k: <a title=\"Dzs-z.hu t\u00fara, turista k\u00e9p gal\u00e9ri\u00e1k\" href=\"\/galeriak\/index.html\">Dzs-z.hu k\u00e9p gal\u00e9ri\u00e1k<\/a>.<\/li>\n<\/ul>\n<div class=\"inpostadsfull\"><div style=\"margin:10px auto;text-align:center;\"><script async src=\"\/\/pagead2.googlesyndication.com\/pagead\/js\/adsbygoogle.js\"><\/script><!-- Dzs-recept-1 --><ins class=\"adsbygoogle\"     style=\"display:inline-block;width:728px;height:90px\"     data-ad-client=\"ca-pub-5246420517641697\"     data-ad-slot=\"3352945761\"><\/ins><script>(adsbygoogle = window.adsbygoogle || []).push({});<\/script><\/div><\/div>","protected":false},"excerpt":{"rendered":"<p>K\u00f6rt\u00fara a B\u00fckkben, B\u00fckkszentkereszt &#8211; Holl\u00f3stet\u0151 &#8211; B\u00fckkszentkereszt \u00fatvonalon t\u00far\u00e1ztunk.<\/p>\n","protected":false},"author":1,"featured_media":648,"comment_status":"closed","ping_status":"closed","sticky":false,"template":"","format":"standard","meta":{"footnotes":""},"categories":[2],"tags":[3,4,10,18,21,20,19,5],"_links":{"self":[{"href":"http:\/\/www.dzs-z.hu\/tura\/wp-json\/wp\/v2\/posts\/60"}],"collection":[{"href":"http:\/\/www.dzs-z.hu\/tura\/wp-json\/wp\/v2\/posts"}],"about":[{"href":"http:\/\/www.dzs-z.hu\/tura\/wp-json\/wp\/v2\/types\/post"}],"author":[{"embeddable":true,"href":"http:\/\/www.dzs-z.hu\/tura\/wp-json\/wp\/v2\/users\/1"}],"replies":[{"embeddable":true,"href":"http:\/\/www.dzs-z.hu\/tura\/wp-json\/wp\/v2\/comments?post=60"}],"version-history":[{"count":6,"href":"http:\/\/www.dzs-z.hu\/tura\/wp-json\/wp\/v2\/posts\/60\/revisions"}],"predecessor-version":[{"id":650,"href":"http:\/\/www.dzs-z.hu\/tura\/wp-json\/wp\/v2\/posts\/60\/revisions\/650"}],"wp:featuredmedia":[{"embeddable":true,"href":"http:\/\/www.dzs-z.hu\/tura\/wp-json\/wp\/v2\/media\/648"}],"wp:attachment":[{"href":"http:\/\/www.dzs-z.hu\/tura\/wp-json\/wp\/v2\/media?parent=60"}],"wp:term":[{"taxonomy":"category","embeddable":true,"href":"http:\/\/www.dzs-z.hu\/tura\/wp-json\/wp\/v2\/categories?post=60"},{"taxonomy":"post_tag","embeddable":true,"href":"http:\/\/www.dzs-z.hu\/tura\/wp-json\/wp\/v2\/tags?post=60"}],"curies":[{"name":"wp","href":"https:\/\/api.w.org\/{rel}","templated":true}]}}