{"id":654,"date":"2017-04-02T11:49:22","date_gmt":"2017-04-02T11:49:22","guid":{"rendered":"http:\/\/www.dzs-z.hu\/tura\/?p=654"},"modified":"2017-04-02T11:53:32","modified_gmt":"2017-04-02T11:53:32","slug":"pilisi-vandorlas-jelvenyszerzo-turamozgalom","status":"publish","type":"post","link":"http:\/\/www.dzs-z.hu\/tura\/jelvenyszerzo\/pilisi-vandorlas-jelvenyszerzo-turamozgalom","title":{"rendered":"Pilisi v\u00e1ndorl\u00e1s jelv\u00e9nyszerz\u0151 t\u00faramozgalom"},"content":{"rendered":"<h3>\u00daj jelv\u00e9nyszerz\u0151 t\u00faramozgalom a Pilisben<\/h3>\n<blockquote><p>A Piliscsabai Term\u00e9szetj\u00e1r\u00f3 Egyes\u00fclet 2016.06.04.-gyel\u00a0 &#8222;Pilisi v\u00e1ndorl\u00e1s\u201d c\u00edmmel, \u00faj jelv\u00e9nyszerz\u0151 t\u00faramozgalmat ind\u00edtott \u00fatj\u00e1ra. A t\u00faramozgalom c\u00e9lja, hogy min\u00e9l t\u00f6bb emberrel megismertess\u00e9k a Pilist \u00e9s a Visegr\u00e1di-hegys\u00e9get. A hossz\u00fa v\u00e1ndor\u00fat v\u00e9gigj\u00e1r\u00e1s\u00e1\u00e9rt az orsz\u00e1g minden szeglet\u00e9b\u0151l, ak\u00e1r t\u00f6bb napra is \u00e9rdemes ideutazni.<\/p><\/blockquote>\n<p>Egyes\u00fclet\u00fcnk a mai napon (2016.06.04.) &#8222;Pilisi v\u00e1ndorl\u00e1s\u201d c\u00edmmel, \u00faj jelv\u00e9nyszerz\u0151 t\u00faramozgalmat ind\u00edtott \u00fatj\u00e1ra.<\/p>\n<p>A mozgalommal az a c\u00e9lunk, hogy min\u00e9l t\u00f6bb emberrel megismertess\u00fck a Pilist \u00e9s a Visegr\u00e1di-hegys\u00e9get. A hossz\u00fa v\u00e1ndor\u00fat v\u00e9gigj\u00e1r\u00e1s\u00e1\u00e9rt az orsz\u00e1g minden szeglet\u00e9b\u0151l, ak\u00e1r t\u00f6bb napra is \u00e9rdemes ideutazni. Aki v\u00e9gigj\u00e1rja a kijel\u00f6lt \u00fatvonalat, \u00e9s az aj\u00e1nlott kit\u00e9r\u0151ket, az val\u00f3ban a Pilis v\u00e1ndor\u00e1nak mondhatja majd mag\u00e1t, hiszen szinte minden \u00e9rdekes \u00e9s l\u00e1tv\u00e1nyos helyet megismer \u00e9s minden k\u00fcl\u00f6nleges \u00fatvonalat v\u00e9gigj\u00e1r. Mindemellett egyedi pecs\u00e9tlenyomatokat is begy\u0171jthet.<\/p>\n<p>Az \u00fatvonalon 19 \u00faj, az adott helyet, vagy egy-egy telep\u00fcl\u00e9s jellegzetes \u00e9p\u00fclet\u00e9t \u00e1br\u00e1zol\u00f3 b\u00e9lyegz\u0151 ker\u00fclt kihelyez\u00e9sre. Ezek mellett 5 helyen a m\u00e1r ismert \u00e9s k\u00f6zkedvelt \u201ePilisi kil\u00e1t\u00e1sok\u201d t\u00faramozgalom b\u00e9lyegz\u0151j\u00e9t, valamint szint\u00e9n 5 helyen a meg\u00fajult OKT b\u00e9lyegz\u0151ket kell igazol\u00e1sk\u00e9nt haszn\u00e1lni. Ez \u00f6sszesen 29 pecs\u00e9tet jelent.<\/p>\n<p>&nbsp;<\/p>\n<p>Az igazol\u00f3f\u00fczet megv\u00e1s\u00e1rolhat\u00f3 Piliscs\u00e9ven a B\u00e9ke utca 68. sz\u00e1m alatti vir\u00e1gboltban, Piliscsab\u00e1n a F\u00e9nyesliget K\u00e1v\u00e9z\u00f3ban a Batthy\u00e1nyi u.1. sz\u00e1m alatt (H\u00e9tf\u0151t\u0151l szombatig reggel 10-t\u0151l este 22 \u00f3r\u00e1ig.)\u00a0Valamint, Pilisszentiv\u00e1non a R\u00e9t utca 13. sz\u00e1m alatti bark\u00e1csboltban (0626\/366-506).<\/p>\n<p>Most m\u00e1r a dorogi uszod\u00e1ban is megv\u00e1s\u00e1rolhat\u00f3, nyitvatart\u00e1si id\u0151ben (minden nap 6-20 \u00f3r\u00e1ig).<\/p>\n<p>A f\u00fczet k\u00e9rhet\u0151 postai \u00faton az Egyes\u00fclet e-mail c\u00edm\u00e9n ( piliscsabaite @ gmail.com). Ez esetben el\u0151re utalj\u00e1tok \u00e1t a f\u00fczet \u00e1r\u00e1t (<strong>1500Ft\/db<\/strong>) \u00e9s (k\u00fcldem\u00e9nyenk\u00e9nt, teh\u00e1t 1 f\u00fczet, vagy 5 f\u00fczet is mehet egyben) 400Ft postak\u00f6lts\u00e9get az Egyes\u00fclet sz\u00e1mlasz\u00e1m\u00e1ra.\u00a0A f\u00fczet \u00e1ra tartalmazza a d\u00edjaz\u00e1st (bronz jelv\u00e9ny) \u00e9s egy aktu\u00e1lis (2016-os) Pilis, Visegr\u00e1di-hegys\u00e9g t\u00e9rk\u00e9pet is. <strong>Nem tartalmazza azonban annak postak\u00f6lts\u00e9g\u00e9t! Ennek oka, hogy post\u00e1z\u00e1s k\u00f6zben elveszett n\u00e9h\u00e1ny kit\u0171z\u0151. Az ut\u00f3bbi id\u0151ben m\u00e1r csak aj\u00e1nlott lev\u00e9lben k\u00fcld\u00fcnk vissza f\u00fczeteket, illetve jelv\u00e9nyeket.\u00a0 Arra k\u00e9rj\u00fck azokat, akik post\u00e1n k\u00fcldik be f\u00fczeteiket, \u00e9s \u00fagy is szeretn\u00e9k visszakapni azokat, mell\u00e9keljenek egy 505Ft-os b\u00e9lyeggel ell\u00e1tott v\u00e1laszbor\u00edt\u00e9kot. T\u00f6bb f\u00fczet \u00e9s d\u00edjaz\u00e1s eset\u00e9n a t\u00f6bbletk\u00f6lts\u00e9get \u00e1tv\u00e1llaljuk.<\/strong><\/p>\n<p>K\u00e9sz\u00fcl az \u00fatvonal v\u00e9gigj\u00e1r\u00e1s\u00e1t seg\u00edt\u0151 GPS track is, ezt hamarosan le lehet t\u00f6lteni honlapunkr\u00f3l.<\/p>\n<p><strong>A teljes\u00edt\u00e9s menete: <\/strong><br \/>\nA r\u00e9sztvev\u0151knek Dorogr\u00f3l Esztergomba kell (j\u00f3 nagy ker\u00fcl\u0151vel) eljutni \u00e9s a 154 km hossz\u00fa \u00faton a sz\u00fcks\u00e9ges pecs\u00e9teket \u00f6sszegy\u0171jteni. Az \u00fat sor\u00e1n a kihelyezett b\u00e9lyegz\u0151kkel az igazol\u00f3 f\u00fczet megfelel\u0151 hely\u00e9re lenyomatot kell k\u00e9sz\u00edteni.<br \/>\nHa \u00f6sszegy\u0171jt\u00f6tted az \u00f6sszes lenyomatot, a f\u00fczetet szem\u00e9lyesen, vagy postai \u00faton el kell juttatnod egyes\u00fclet\u00fcnkh\u00f6z.<br \/>\nA teljes\u00edt\u00e9s kezd\u0151pontja \u00e9s id\u0151tartama nincs korl\u00e1tozva, tov\u00e1bb\u00e1 r\u00e1d b\u00edzzuk, hogy mekkora szakaszokra bontod \u00e9s az egyes szakaszokat milyen ir\u00e1nyban j\u00e1rod v\u00e9gig.<br \/>\nA teljes \u00fatvonal jelzett turistautakon halad, de a jelz\u00e9sv\u00e1lt\u00e1sokra figyelned kell!<br \/>\nA jelzett \u00faton haladj, ne t\u00e9gy k\u00e1rt az erd\u0151 f\u00e1iban, n\u00f6v\u00e9nyeiben, \u00e1llataiban! Tartsd be az aktu\u00e1lis t\u0171zv\u00e9delmi szab\u00e1lyokat!<\/p>\n<p><strong>Az igazol\u00f3f\u00fczet:<\/strong><br \/>\nA f\u00fczet tartalmazza a tulajdonosa nev\u00e9t, c\u00edm\u00e9t. Tartalmazza a b\u00e9lyegz\u00e9sek hely\u00e9t, az \u00fatvonalat t\u00e1bl\u00e1zat form\u00e1ban, az \u00e9rintett telep\u00fcl\u00e9sek r\u00f6vid bemutat\u00e1s\u00e1t, t\u00e1mogat\u00f3ink nev\u00e9t \u00e9s n\u00e9h\u00e1ny hasznos inform\u00e1ci\u00f3t a sikeres teljes\u00edt\u00e9shez. Valamint tartalmaz egy 1:30 000 m\u00e9retar\u00e1ny\u00fa teljes Pilis, Visegr\u00e1di-hegys\u00e9g t\u00e9rk\u00e9pet, amin a teljes \u00fatvonal v\u00e9gig k\u00f6vethet\u0151.<\/p>\n<p><strong>D\u00edjaz\u00e1s: <\/strong><br \/>\nA teljes\u00edt\u0151k elnyerik a \u201ePilis v\u00e1ndora\u201d el\u0151kel\u0151 c\u00edmet! \u0150ket sorsz\u00e1mozva r\u00f6gz\u00edtj\u00fck, \u00e9s egy k\u00fcl\u00f6nleges bronzjelv\u00e9nnyel jutalmazzuk. A t\u00fara t\u00f6bbsz\u00f6r is teljes\u00edthet\u0151, de a d\u00edjaz\u00e1s nem v\u00e1ltozik!<\/p>\n<p><em><strong>Tintap\u00e1rn\u00e1t felt\u00e9tlen\u00fcl vigyetek magatokkal!<\/strong><\/em><\/p>\n<p><strong>Az \u00fatvonal r\u00f6vid le\u00edr\u00e1sa:<\/strong><br \/>\nDorog \u2013 Keszt\u00f6lc \u2013 Fekete-hegy \u2013 Pilis-nyereg \u2013 Piliscs\u00e9v \u2013 Nagy Kopasz \u2013 Piliscsaba Klotildliget \u2013 Pilissz\u00e1nt\u00f3 \u2013 Pilis (Boldog \u00d6zs\u00e9b kil\u00e1t\u00f3) \u2013 Pilisszentkereszt \u2013 Som-hegyi kulcsosh\u00e1z \u2013 Hossz\u00fa-hegy \u2013 Csob\u00e1nkai-nyereg \u2013 Kev\u00e9ly-nyereg \u2013 Nagy Kev\u00e9ly \u2013 Kev\u00e9ly-nyereg \u2013 Oszoly \u2013 Pom\u00e1z \u2013 K\u0151-hegyi turistah\u00e1z \u2013 V\u00f6r\u00f6s-k\u0151 \u2013 Pilisszentl\u00e1szl\u00f3 \u2013 Bert\u00e9nyi f\u00fcv\u00e9szkert \u2013 Pilisszentl\u00e1szl\u00f3 \u2013 Pr\u00e9dik\u00e1l\u00f3sz\u00e9k \u2013 D\u00f6m\u00f6s \u2013 Dobog\u00f3k\u0151 \u2013 Pilisszentl\u00e9lek \u2013 Pilismar\u00f3t \u2013 Vaskapu turistah\u00e1z &#8211; Esztergom<\/p>\n<p>Az \u00fatvonal r\u00e9szletes itinere Dorog &#8211; Esztergom ir\u00e1nyban <a href=\"https:\/\/drive.google.com\/file\/d\/0B7KiBnVZ2R_hdGRoS0tvNldUR2M\/view?usp=sharing\"> innen t\u00f6lthet\u0151 le!<\/a><\/p>\n<p>Az \u00fatvonal r\u00e9szletes itinere Esztergom &#8211; Dorog ir\u00e1nyban <a href=\"https:\/\/drive.google.com\/file\/d\/0B7KiBnVZ2R_hZmVmQ3JEWWZZMW8\/view?usp=sharing\"> innen t\u00f6lthet\u0151 le!<\/a><\/p>\n<p><strong>Az \u00fatvonal bemutat\u00e1sa, 6 szakaszra bontva:<\/strong><\/p>\n<p>\u00datk\u00f6zben h\u00e1romf\u00e9le b\u00e9lyegz\u0151t kell keresned, ezeket a lenyomat hely\u00e9n is felt\u00fcntett\u00fck.<br \/>\nPV\u00a0\u00a0\u00a0 \u00a0\u00a0\u00a0 A Pilisi v\u00e1ndorl\u00e1s saj\u00e1t b\u00e9lyegz\u0151je<br \/>\nPK\u00a0\u00a0\u00a0 \u00a0\u00a0\u00a0 A Pilisi kil\u00e1t\u00e1sok t\u00faramozgalom b\u00e9lyegz\u0151je<\/p>\n<p>OKT\u00a0\u00a0\u00a0\u00a0\u00a0 Az Orsz\u00e1gos k\u00e9kt\u00fara b\u00e9lyegz\u0151je<\/p>\n<p>&nbsp;<\/p>\n<p>Az \u00fatvonal t\u00e1bl\u00e1zat pdf form\u00e1tumban <a href=\"https:\/\/drive.google.com\/file\/d\/0B7KiBnVZ2R_hcGFiekc1MkhIMG8\/view?usp=sharing\"> let\u00f6lthet\u0151 innen!<\/a><\/p>\n<p>A b\u00e9lyegz\u0151k pontos hely\u00e9nek le\u00edr\u00e1sa <a href=\"https:\/\/drive.google.com\/file\/d\/0B-3bVCu3qQfqSW55X0duVUdSNmM\/view?usp=sharing\"> innen t\u00f6lthet\u0151 le!<\/a><\/p>\n<p>&nbsp;<\/p>\n<p><strong>J\u00f3 t\u00far\u00e1t, sikeres teljes\u00edt\u00e9st!<\/strong><\/p>\n<p>&nbsp;<\/p>\n<p>A bejegyz\u00e9s alapja: http:\/\/www.pi-te.maze.hu\/index.php?option=com_content&amp;view=article&amp;id=383:uj-jelvenyszerz-turamozgalom-a-pilisben&amp;catid=76:nyilt-turak&amp;Itemid=50<\/p>\n<div class=\"inpostadsfull\"><div style=\"margin:10px auto;text-align:center;\"><script async src=\"\/\/pagead2.googlesyndication.com\/pagead\/js\/adsbygoogle.js\"><\/script><!-- Dzs-recept-1 --><ins class=\"adsbygoogle\"     style=\"display:inline-block;width:728px;height:90px\"     data-ad-client=\"ca-pub-5246420517641697\"     data-ad-slot=\"3352945761\"><\/ins><script>(adsbygoogle = window.adsbygoogle || []).push({});<\/script><\/div><\/div>","protected":false},"excerpt":{"rendered":"<p>A Piliscsabai Term\u00e9szetj\u00e1r\u00f3 Egyes\u00fclet 2016.06.04.-gyel  &#8222;Pilisi v\u00e1ndorl\u00e1s\u201d c\u00edmmel, \u00faj jelv\u00e9nyszerz\u0151 t\u00faramozgalmat ind\u00edtott \u00fatj\u00e1ra.<\/p>\n","protected":false},"author":1,"featured_media":655,"comment_status":"closed","ping_status":"closed","sticky":false,"template":"","format":"standard","meta":{"footnotes":""},"categories":[31,45],"tags":[34,46,227,226,228],"_links":{"self":[{"href":"http:\/\/www.dzs-z.hu\/tura\/wp-json\/wp\/v2\/posts\/654"}],"collection":[{"href":"http:\/\/www.dzs-z.hu\/tura\/wp-json\/wp\/v2\/posts"}],"about":[{"href":"http:\/\/www.dzs-z.hu\/tura\/wp-json\/wp\/v2\/types\/post"}],"author":[{"embeddable":true,"href":"http:\/\/www.dzs-z.hu\/tura\/wp-json\/wp\/v2\/users\/1"}],"replies":[{"embeddable":true,"href":"http:\/\/www.dzs-z.hu\/tura\/wp-json\/wp\/v2\/comments?post=654"}],"version-history":[{"count":5,"href":"http:\/\/www.dzs-z.hu\/tura\/wp-json\/wp\/v2\/posts\/654\/revisions"}],"predecessor-version":[{"id":658,"href":"http:\/\/www.dzs-z.hu\/tura\/wp-json\/wp\/v2\/posts\/654\/revisions\/658"}],"wp:featuredmedia":[{"embeddable":true,"href":"http:\/\/www.dzs-z.hu\/tura\/wp-json\/wp\/v2\/media\/655"}],"wp:attachment":[{"href":"http:\/\/www.dzs-z.hu\/tura\/wp-json\/wp\/v2\/media?parent=654"}],"wp:term":[{"taxonomy":"category","embeddable":true,"href":"http:\/\/www.dzs-z.hu\/tura\/wp-json\/wp\/v2\/categories?post=654"},{"taxonomy":"post_tag","embeddable":true,"href":"http:\/\/www.dzs-z.hu\/tura\/wp-json\/wp\/v2\/tags?post=654"}],"curies":[{"name":"wp","href":"https:\/\/api.w.org\/{rel}","templated":true}]}}