{"id":667,"date":"2017-05-27T18:09:36","date_gmt":"2017-05-27T18:09:36","guid":{"rendered":"http:\/\/www.dzs-z.hu\/tura\/?p=667"},"modified":"2017-05-29T05:18:24","modified_gmt":"2017-05-29T05:18:24","slug":"matrahaza-galyateto-matraszentistvan-okt-20-szakasz","status":"publish","type":"post","link":"http:\/\/www.dzs-z.hu\/tura\/egyeb\/okt\/matrahaza-galyateto-matraszentistvan-okt-20-szakasz","title":{"rendered":"M\u00e1trah\u00e1za &#8211; Galyatet\u0151 &#8211; M\u00e1traszentistv\u00e1n &#8211; OKT 20. szakasz"},"content":{"rendered":"<h3>Az Orsz\u00e1gos K\u00e9kt\u00fara 20. szakasza, M\u00e1trah\u00e1z\u00e1t\u00f3l M\u00e1traszentistv\u00e1nig<\/h3>\n<p>Az OKT szakasz hossza: 14,2 km (teljes 20. szakasz: 27.6km)<\/p>\n<p>Az OKT szakasz szintk\u00fcl\u00f6nbs\u00e9gi adatai: +561\/-569 (OKT 20. szakasz: +774\/-1303)<\/p>\n<p>A 20. OKT szakasz el\u0151ir\u00e1nyzott id\u0151tartama: 4:30 \u00f3ra (teljes OKT 2. szakasz: 9:05)<\/p>\n<h4>M\u00e1trah\u00e1za &#8211; V\u00f6r\u00f6smarty fogad\u00f3<\/h4>\n<p>Most t\u00f6megk\u00f6zleked\u00e9ssel ment\u00fcnk a t\u00far\u00e1ra. V\u00e1mosgy\u00f6rkig ment\u00fcnk vonattal, ahol \u00e1tsz\u00e1lltunk a Kecskem\u00e9t-Eger k\u00f6z\u00f6tt j\u00e1r\u00f3 buszra. A busz Gy\u00f6ngy\u00f6s\u00f6n kereszt\u00fcl vitt fel M\u00e1trah\u00e1za aut\u00f3busz \u00e1llom\u00e1sig.<\/p>\n<p>Az itt tal\u00e1lhat\u00f3 pecs\u00e9ttel jelezt\u00fck a K\u00e9kt\u00fara f\u00fczetbe, hogy itt j\u00e1rtunk, \u00e9s el is indultunk az \u00faton. T\u00f6bb nagyobb es\u0151 is volt mostans\u00e1g, \u00edgy t\u00f6bb v\u00edzfoly\u00e1s is volt az \u00faton, amit kicsit ker\u00fclgetni kellett. A turista \u00fat az erd\u0151ben, gyakorlatilag a f\u0151\u00fat mellett halad. Egy patakra \u00e9p\u00edtett h\u00eddon is \u00e1tkelt\u00fcnk, de a V\u00f6r\u00f6smarty fogad\u00f3n\u00e1l visszat\u00e9rt\u00fcnk az \u00fatra.<\/p>\n<h4>V\u00f6r\u00f6smarty fogad\u00f3 &#8211; Ny\u00edrjes eh. (V\u00e9rcver\u00e9s)<\/h4>\n<p>A pecs\u00e9t elhelyez\u00e9se ut\u00e1n tov\u00e1bb ment\u00fcnk az \u00fat mellett, majd a Galyatet\u0151 fel\u00e9 vezet\u0151 el\u00e1gaz\u00e1sn\u00e1l \u00e1tv\u00e1gtunk az \u00faton. Itt a Cs\u00f3r-hegy oldal\u00e1ba egy el\u00e9g meredek szakasz k\u00f6vetkezett, de k\u00e1rp\u00f3tolt minket a fenti sz\u00e9p kil\u00e1t\u00e1s Par\u00e1dsasv\u00e1rra.<\/p>\n<p>Az egyik sz\u00e9p kil\u00e1t\u00e1s k\u00f6zel\u00e9ben egy \u00faj Orsz\u00e1gos K\u00e9kt\u00fara ismertet\u0151 t\u00e1bla oldal\u00e1ban ism\u00e9t tal\u00e1ltunk egy pecs\u00e9tet, ami elvileg a Ny\u00edrjes erd\u00e9szh\u00e1z pecs\u00e9tel\u0151 pontot jelenti, de V\u00e9rcver\u00e9s helyen voltunk a felirat szerint.<\/p>\n<h4>V\u00e9rcver\u00e9s &#8211; Galyatet\u0151<\/h4>\n<p>Egy r\u00f6vid \u00e9tkez\u00e9s \u00e9s pihen\u00e9st k\u00f6vet\u0151en indultunk tov\u00e1bb. Kicsit leereszkedt\u00fcnk, majd sz\u00e9p lassan emelkedni kezdett az utunk. Folyamatos, de szerencs\u00e9re nem t\u00fal megterhel\u0151 emelked\u0151 szakasz \u00e1llt el\u0151tt\u00fcnk, m\u00edgnem a sz\u00e1lloda melletti parkol\u00f3ba \u00e9rkezt\u00fcnk.<\/p>\n<p>Innen felment\u00fcnk el\u0151sz\u00f6r a Galyatet\u0151i kil\u00e1t\u00f3hoz. Szerencs\u00e9re volt n\u00e1lunk 200Ft-os, mert ilyen \u00e9rme bedob\u00e1s\u00e1val lehet csak felmenni a toronyba. Ezut\u00e1n visszament\u00fcnk enni \u00e9s pihenni egy kicsit az egyik \u00e9tterembe, miel\u0151tt tov\u00e1bb indulunk.<\/p>\n<h4>Galyatet\u0151 &#8211; M\u00e1traszentistv\u00e1n<\/h4>\n<p>A pihen\u0151 ut\u00e1n visszament\u00fcnk a kil\u00e1t\u00f3hoz, ott folytat\u00f3dik ugyanis a k\u00e1k s\u00e1v jelz\u00e9s. Innen m\u00e1r egy sz\u00e1munkra levezet\u0151nek sz\u00e1m\u00edt\u00f3 s\u00e9ta k\u00f6vetkezett, ugyanis szinte a felfel\u00e9 \u00fathoz hasonl\u00f3, lassan lefel\u00e9 vezet\u0151 szakasz el\u0151tt \u00e1lltunk.<\/p>\n<p>Szerett\u00fck volt az \u00fatba es\u0151 Piszk\u00e9stet\u0151i Obszervat\u00f3riumot is megn\u00e9zni, azonban csak ott szembes\u00fclt\u00fcnk vele, hogy erre csak el\u0151re emailben egyeztetett id\u0151pontokban van lehet\u0151s\u00e9g.<\/p>\n<p>A csillagvizsg\u00e1l\u00f3 \u00e1llom\u00e1s ut\u00e1n kicsit k\u00f6ves, v\u00edzmos\u00e1sos \u00fat vezetett le M\u00e1traszentimr\u00e9re, ide tartozik m\u00e1r M\u00e1traszentistv\u00e1n is. A telep\u00fcl\u00e9s utc\u00e1in vezet le az \u00fat, majd visszat\u00e9rve az ide vezet\u0151 \u00fatra, jutunk \u00e1t a M\u00e1traszentistv\u00e1ni r\u00e9szre. Itt is egy kisebb utc\u00e1n haladunk, majd p\u00e1r sz\u00e1z m\u00e9ter ut\u00e1n meg\u00e9rkez\u00fcnk a Vidr\u00f3czki cs\u00e1rd\u00e1hoz. Itt tal\u00e1lhatjuk meg a pecs\u00e9tet is.<\/p>\n<p>Mi itt fejezt\u00fck be azt a szakaszt, az OKT 19. szakasz\u00e1b\u00f3l m\u00e9g 11,6km van h\u00e1tra M\u00e1travereb\u00e9lyig. Ide j\u00f6ttek \u00e9rt\u00fcnk aut\u00f3val.<\/p>\n<div class=\"inpostadsfull\"><div style=\"margin:10px auto;text-align:center;\"><script async src=\"\/\/pagead2.googlesyndication.com\/pagead\/js\/adsbygoogle.js\"><\/script><!-- Dzs-recept-1 --><ins class=\"adsbygoogle\"     style=\"display:inline-block;width:728px;height:90px\"     data-ad-client=\"ca-pub-5246420517641697\"     data-ad-slot=\"3352945761\"><\/ins><script>(adsbygoogle = window.adsbygoogle || []).push({});<\/script><\/div><\/div>","protected":false},"excerpt":{"rendered":"<p>Az Orsz\u00e1gos K\u00e9kt\u00fara 20. szakasza, M\u00e1trah\u00e1z\u00e1t\u00f3l M\u00e1traszentistv\u00e1nig Az OKT szakasz hossza: 14,2 km (teljes 20. szakasz: 27.6km) Az OKT szakasz szintk\u00fcl\u00f6nbs\u00e9gi adatai: +561\/-569 (OKT 20. szakasz: +774\/-1303) A 20. OKT szakasz el\u0151ir\u00e1nyzott id\u0151tartama: 4:30 \u00f3ra (teljes OKT 2. szakasz: 9:05) M\u00e1trah\u00e1za &#8211; V\u00f6r\u00f6smarty fogad\u00f3 Most t\u00f6megk\u00f6zleked\u00e9ssel ment\u00fcnk a t\u00far\u00e1ra. V\u00e1mosgy\u00f6rkig ment\u00fcnk vonattal, ahol \u00e1tsz\u00e1lltunk a [&hellip;]<\/p>\n","protected":false},"author":1,"featured_media":670,"comment_status":"open","ping_status":"closed","sticky":false,"template":"","format":"standard","meta":{"footnotes":""},"categories":[187,32],"tags":[149,238,235,58,109,200,236,239,186,198,33,240,237],"_links":{"self":[{"href":"http:\/\/www.dzs-z.hu\/tura\/wp-json\/wp\/v2\/posts\/667"}],"collection":[{"href":"http:\/\/www.dzs-z.hu\/tura\/wp-json\/wp\/v2\/posts"}],"about":[{"href":"http:\/\/www.dzs-z.hu\/tura\/wp-json\/wp\/v2\/types\/post"}],"author":[{"embeddable":true,"href":"http:\/\/www.dzs-z.hu\/tura\/wp-json\/wp\/v2\/users\/1"}],"replies":[{"embeddable":true,"href":"http:\/\/www.dzs-z.hu\/tura\/wp-json\/wp\/v2\/comments?post=667"}],"version-history":[{"count":4,"href":"http:\/\/www.dzs-z.hu\/tura\/wp-json\/wp\/v2\/posts\/667\/revisions"}],"predecessor-version":[{"id":674,"href":"http:\/\/www.dzs-z.hu\/tura\/wp-json\/wp\/v2\/posts\/667\/revisions\/674"}],"wp:featuredmedia":[{"embeddable":true,"href":"http:\/\/www.dzs-z.hu\/tura\/wp-json\/wp\/v2\/media\/670"}],"wp:attachment":[{"href":"http:\/\/www.dzs-z.hu\/tura\/wp-json\/wp\/v2\/media?parent=667"}],"wp:term":[{"taxonomy":"category","embeddable":true,"href":"http:\/\/www.dzs-z.hu\/tura\/wp-json\/wp\/v2\/categories?post=667"},{"taxonomy":"post_tag","embeddable":true,"href":"http:\/\/www.dzs-z.hu\/tura\/wp-json\/wp\/v2\/tags?post=667"}],"curies":[{"name":"wp","href":"https:\/\/api.w.org\/{rel}","templated":true}]}}