{"id":68,"date":"2006-06-11T18:40:46","date_gmt":"2006-06-11T18:40:46","guid":{"rendered":"http:\/\/www.dzs-z.hu\/tura\/?p=68"},"modified":"2017-04-01T12:37:49","modified_gmt":"2017-04-01T12:37:49","slug":"repashuta-kortura-2006-06-11","status":"publish","type":"post","link":"http:\/\/www.dzs-z.hu\/tura\/bukk\/repashuta-kortura-2006-06-11","title":{"rendered":"R\u00e9p\u00e1shuta k\u00f6rt\u00fara 2006-06-11"},"content":{"rendered":"<div class=\"brcs\">\u2217 <a title=\"T\u00fara le\u00edr\u00e1sok, ismertet\u00fak dzs-z t\u00fara k\u00e9pei\" href=\"\/tura\">T\u00fara<\/a> \u00bb <a title=\"Dzs-z t\u00fara le\u00edr\u00e1sok a B\u00fckk-hegys\u00e9gbeli t\u00fara le\u00edr\u00e1s \" href=\"\/tura\/bukk\">B\u00fckk-hegys\u00e9g<\/a> \u00bb <a title=\"R\u00e9p\u00e1shuta k\u00f6rt\u00fara 2006-06-11\" href=\"http:\/\/www.dzs-z.hu\/tura\/bukk\/repashuta-kortura-2006-06-11\">R\u00e9p\u00e1shuta k\u00f6rt\u00fara le\u00edr\u00e1s<\/a><\/div>\n<h3>R\u00e9p\u00e1shuta k\u00f6rt\u00fara<\/h3>\n<p><b>A t\u00fara \u00fatvonala: <\/b><br \/>\nR\u00e9p\u00e1shuta <a class=\"nolink\" title=\"Z\u00f6ld n\u00e9gysz\u00f6g turista jelz\u00e9s\" href=\"\/tura\/turistajelzes\"><img decoding=\"async\" class=\"turistajelzeskep\" src=\"\/images\/tura\/jelzesek\/zohaz1.gif\" alt=\"Z\u00f6ld n\u00e9gysz\u00f6g turista jelz\u00e9s\" \/><\/a> &#8211; K\u0151balta tan\u00f6sv\u00e9ny &#8211; Kis-hajt\u00e1s <a class=\"nolink\" title=\"S\u00e1rga s\u00e1v turista jelz\u00e9s\" href=\"\/tura\/turistajelzes\"><img decoding=\"async\" class=\"turistajelzeskep\" src=\"\/images\/tura\/jelzesek\/sasav1.gif\" alt=\"S\u00e1rga s\u00e1v turista jelz\u00e9s\" \/><\/a> &#8211; Katalin-v\u00f6lgy &#8211; Kis-Pazsag-l\u00e1pa &#8211; G\u00e1rdony <a class=\"nolink\" title=\"K\u00e9k s\u00e1v turista jelz\u00e9s\" href=\"\/tura\/turistajelzes\"><img decoding=\"async\" class=\"turistajelzeskep\" src=\"\/images\/tura\/jelzesek\/kesav1.gif\" alt=\"K\u00e9k s\u00e1v turista jelz\u00e9s\" \/><\/a> &#8211; Feh\u00e9r-k\u00fat <a class=\"nolink\" title=\"K\u00e9k s\u00e1v turista jelz\u00e9s\" href=\"\/tura\/turistajelzes\"><img decoding=\"async\" class=\"turistajelzeskep\" src=\"\/images\/tura\/jelzesek\/kesav1.gif\" alt=\"K\u00e9k s\u00e1v turista jelz\u00e9s\" \/><\/a> &#8211; Derecske <a class=\"nolink\" title=\"K\u00e9k s\u00e1v turista jelz\u00e9s\" href=\"\/tura\/turistajelzes\"><img decoding=\"async\" class=\"turistajelzeskep\" src=\"\/images\/tura\/jelzesek\/kesav1.gif\" alt=\"K\u00e9k s\u00e1v turista jelz\u00e9s\" \/><\/a> <a class=\"nolink\" title=\"Piros s\u00e1v turista jelz\u00e9s\" href=\"\/tura\/turistajelzes\"><img decoding=\"async\" class=\"turistajelzeskep\" src=\"\/images\/tura\/jelzesek\/pisav1.gif\" alt=\"Piros s\u00e1v turista jelz\u00e9s\" \/><\/a> &#8211; Tebepuszta <a class=\"nolink\" title=\"K\u00e9k n\u00e9gysz\u00f6g turista jelz\u00e9s\" href=\"\/tura\/turistajelzes\"><img decoding=\"async\" class=\"turistajelzeskep\" src=\"\/images\/tura\/jelzesek\/kehaz1.gif\" alt=\"K\u00e9k n\u00e9gysz\u00f6g turista jelz\u00e9s\" \/><\/a> &#8211; Balla-v\u00f6lgy <a class=\"nolink\" title=\"S\u00e1rga barlang turista jelz\u00e9s\" href=\"\/tura\/turistajelzes\"><img decoding=\"async\" class=\"turistajelzeskep\" src=\"\/images\/tura\/jelzesek\/sabar1.gif\" alt=\"S\u00e1rga barlang turista jelz\u00e9s\" \/><\/a> &#8211; Balla-barlang &#8211; K\u0151balta tan\u00f6sv\u00e9ny &#8211; R\u00e9p\u00e1shuta <a class=\"nolink\" title=\"Z\u00f6ld n\u00e9gysz\u00f6g turista jelz\u00e9s\" href=\"\/tura\/turistajelzes\"><img decoding=\"async\" class=\"turistajelzeskep\" src=\"\/images\/tura\/jelzesek\/zohaz1.gif\" alt=\"Z\u00f6ld n\u00e9gysz\u00f6g turista jelz\u00e9s\" \/><\/a><\/p>\n<p>B\u00fckkszentkereszten t\u00f6lt\u00f6tt\u00fck a szombat est\u00e9t, majd vas\u00e1rnap &#8222;hazafel\u00e9&#8221; tartva meg\u00e1lltunk a k\u00f6zeli R\u00e9p\u00e1shut\u00e1n,<br \/>\n\u00e9s mivel az id\u0151 kedvezett, \u00edgy egy r\u00f6vid k\u00f6rt\u00far\u00e1t is tett\u00fcnk a k\u00f6rny\u00e9ken.<\/p>\n<div class=\"thumb_wrapper margin_r20\" style=\"float: left;\"><a title=\"R\u00e9p\u00e1shuta f\u0151utc\u00e1ja\" href=\"\/kepinfo\/50\/3036\/index.html\"><img decoding=\"async\" loading=\"lazy\" class=\"alignleft\" src=\"\/modules\/kepmutat.php?dir=50&amp;kep=3036\" alt=\"R\u00e9p\u00e1shuta f\u0151utc\u00e1ja\" width=\"198\" height=\"146\" align=\"left\" \/><\/a><\/div>\n<p>Meg\u00e9rkezt\u00fcnk aut\u00f3val R\u00e9p\u00e1shut\u00e1ra. A busz v\u00e9g\u00e1llom\u00e1s\u00e1n\u00e1l tudtunk parkolni, \u00edgy itt meg\u00e1lltunk, \u00e9s innen indultunk el.<br \/>\nA K\u0151balta-tan\u00f6sv\u00e9ny itt tal\u00e1lhat\u00f3 \u00e1llom\u00e1sa j\u00f3 kiindul\u00e1si pontnak bizonyult. Itt m\u00e1r fel is tudtunk menni az erd\u0151<br \/>\nsz\u00e9l\u00e9re a falu fel\u00e9. Maga az \u00f6sv\u00e9ny nem t\u00fal hossz\u00fa, \u00e9s viszonylag j\u00f3l rendben van tartva. Persze a motorosok n\u00e9hol \u00f6sszet\u00f6rt\u00e9n az egy\u00e9bk\u00e9nt<br \/>\nfel\u00e1zott talajt, \u00edgy p\u00e1r helyen ker\u00fclgetni kellett a sarat \u00e9s pocsoly\u00e1kat.<br \/>\nTal\u00e1n 1 km ut\u00e1n jobbra a hegynek fordultunk a <a class=\"nolink\" title=\"S\u00e1rga s\u00e1v turista jelz\u00e9s\" href=\"\/tura\/turistajelzes\"><img decoding=\"async\" class=\"turistajelzeskep\" src=\"\/images\/tura\/jelzesek\/sasav1.gif\" alt=\"S\u00e1rga s\u00e1v turista jelz\u00e9s\" \/><\/a> jelz\u00e9sen. Ez m\u00e1r a telep\u00fcl\u00e9s\u00a0 f\u0151utc\u00e1j\u00e1ra mer\u0151legesen d\u00e9l fel\u00e9 tartott.<\/p>\n<div class=\"thumb_wrapper margin_r20\" style=\"float: right;\"><a title=\"\u00dat az erd\u0151ben\" href=\"\/kepinfo\/50\/3069\/index.html\"><img decoding=\"async\" loading=\"lazy\" class=\"alignright\" src=\"\/modules\/kepmutat.php?dir=50&amp;kep=3069\" alt=\"\u00dat az erd\u0151ben\" width=\"198\" height=\"146\" align=\"right\" \/><\/a><\/div>\n<p>A kor\u00e1bbi es\u0151z\u00e9sek nyomait erre is j\u00f3csk\u00e1n megtal\u00e1ltuk, n\u00e9ha az erdei \u00faton halad\u00f3 \u00f6sv\u00e9nyt 5-10m-re is el kellett ker\u00fclni, ahogy<br \/>\naz erd\u0151ben j\u00e1r\u00f3 aut\u00f3k is tett\u00e9k, ezzel dagasztva tov\u00e1bb a sarat. Mint kider\u00fclt egy olyan turista \u00f6sv\u00e9nyt v\u00e1lasztottunk, amelyet<br \/>\nnem sokan j\u00e1rtak be az elm\u00falt id\u0151szakban. Szerencs\u00e9re az aljn\u00f6v\u00e9nyzet m\u00e9g nem n\u0151tte be. A <a class=\"nolink\" title=\"S\u00e1rga s\u00e1v turista jelz\u00e9s\" href=\"\/tura\/turistajelzes\"><img decoding=\"async\" class=\"turistajelzeskep\" src=\"\/images\/tura\/jelzesek\/sasav1.gif\" alt=\"S\u00e1rga s\u00e1v turista jelz\u00e9s\" \/><\/a> turista jelz\u00e9s a Katalin-v\u00f6lgyben halad, errefel\u00e9 m\u00e1r nem j\u00e1rtak aut\u00f3k, \u00edgy az \u00fat min\u0151s\u00e9ge j\u00f3csk\u00e1n megjavult. A Katalin-v\u00f6lgy egy patakmeder<br \/>\nment\u00e9n halad a Pazsag-v\u00f6lgybe. Mivel a r\u00e9gi meder j\u00f3csk\u00e1n be volt n\u0151ve aljn\u00f6v\u00e9nyzettel, valamint bed\u0151lt f\u00e1kkal, a <a class=\"nolink\" title=\"S\u00e1rga s\u00e1v turista jelz\u00e9s\" href=\"\/tura\/turistajelzes\"><img decoding=\"async\" class=\"turistajelzeskep\" src=\"\/images\/tura\/jelzesek\/sasav1.gif\" alt=\"S\u00e1rga s\u00e1v turista jelz\u00e9s\" \/><\/a> jelz\u00e9s a domb oldal\u00e1ban haladt, szerencs\u00e9re nem volt t\u00fals\u00e1gosan cs\u00fasz\u00f3s, j\u00f3l\u00a0 lehetett haladni.<\/p>\n<div class=\"thumb_wrapper margin_r20\" style=\"float: left;\"><a title=\"K\u00f6ves patakmeder\" href=\"\/kepinfo\/50\/2991\/index.html\"><img decoding=\"async\" loading=\"lazy\" class=\"alignleft\" src=\"\/modules\/kepmutat.php?dir=50&amp;kep=2991\" alt=\"K\u00f6ves patakmeder\" width=\"198\" height=\"146\" align=\"left\" \/><\/a><\/div>\n<p>Az \u00fat v\u00e9ge fel\u00e9, miel\u0151tt el\u00e9rj\u00fck a keresztez\u0151 Pazsag-v\u00f6lgyet \u00e9rdemes ink\u00e1bb a kisz\u00e1radt patak medr\u00e9t v\u00e1lasztanunk<br \/>\nlefel\u00e9 menet, mert felette j\u00f3csk\u00e1n lesz\u0171k\u00fcl az \u00f6sv\u00e9ny, \u00e9s ha leomlik, vagy lecs\u00faszunk igaz csak 0,5m-t es\u00fcnk, de a k\u00f6vekkel kirakott<br \/>\npatakmederbe \u00e9rkezve kit\u00f6rhetj\u00fck a bok\u00e1nk. Aki azt gondolja, hogy neh\u00e9z a szakasz, az t\u00e9ved, csak az\u00e9rt \u00edrtam, mert \u00e9rdemes vigy\u00e1zni.<br \/>\nNagyon csendes, \u00e9s sz\u00e9p a t\u00e1j, k\u00e1r, hogy a meder nincs kitakar\u00edtva, ezt sajnos tudom, hogy neh\u00e9z bev\u00e1llalni, de t\u00e9nyleg sz\u00e9p helyet lehetne<br \/>\nitt kialak\u00edtani. A patak egy\u00e9bk\u00e9nt ki volt sz\u00e1radva, de nyomokban felfedezhet\u0151 volt, hogy a kor\u00e1bbi nagy es\u0151z\u00e9sek sor\u00e1n, ha nem is a patak maga,<br \/>\nde az es\u0151v\u00edz birtokba vette. Ezt k\u00fcl\u00f6n\u00f6sen a v\u00e9g\u00e9re \u00e9rkezve tapasztaltunk meg.<\/p>\n<div class=\"thumb_wrapper margin_r20\" style=\"float: right;\"><a title=\"Kisz\u00e1radt patak a Pazsag-v\u00f6lgyben\" href=\"\/kepinfo\/50\/2998\/index.html\"><img decoding=\"async\" loading=\"lazy\" class=\"alignright\" src=\"\/modules\/kepmutat.php?dir=50&amp;kep=2998\" alt=\"Kisz\u00e1radt patak a Pazsag-v\u00f6lgyben\" width=\"198\" height=\"146\" align=\"right\" \/><\/a><\/div>\n<p>A Pazsag-v\u00f6lgybe a kor\u00e1bbi mederb\u0151l kimosott k\u00f6veken \u00e9s homokon kereszt\u00fcl juthattunk le m\u00e9g mindig a <a class=\"nolink\" title=\"S\u00e1rga s\u00e1v turista jelz\u00e9s\" href=\"\/tura\/turistajelzes\"><img decoding=\"async\" class=\"turistajelzeskep\" src=\"\/images\/tura\/jelzesek\/sasav1.gif\" alt=\"S\u00e1rga s\u00e1v turista jelz\u00e9s\" \/><\/a> turista jelz\u00e9sen. Ekkor meglep\u0151dt\u00fcnk, mert a kisz\u00e1radt medernek jelzett helyen egy 2-3m sz\u00e9les gyors foly\u00e1s\u00fa patakkal tal\u00e1lkoztunk. Ha t\u00e9rk\u00e9p\u00fcnk\u00f6n sz\u00e1raz medernek volt jelezve a hely, akkor t\u00e9nyleg j\u00f3csk\u00e1n a szok\u00e1sos mennyis\u00e9get t\u00falsz\u00e1rnyalt v\u00edzt\u00f6meg ker\u00fclhetett a Pazsag-patak v\u00edzgy\u0171jt\u0151 ter\u00fclet\u00e9re is.<br \/>\nEzt a patakot elvileg a Juh\u00e1sz-forr\u00e1s \u00e9s 3 egy\u00e9b a t\u00e9rk\u00e9pen meg nem nevezett forr\u00e1s t\u00e1pl\u00e1lja. Kb. 2km-rel fentebb m\u00e1r el kellett volna maradnia a v\u00edznek.<br \/>\nKis gondolkod\u00e1s, tervez\u00e9s ut\u00e1n a cuccainkat \u00e1tdobtuk a t\u00fals\u00f3 partra, \u00e9s vigy\u00e1zva, hogy min\u00e9l kev\u00e9sb\u00e9 legy\u00fcnk vizesek \u00e9s s\u00e1rosak, patakugr\u00e1st r\u00f6gt\u00f6n\u00f6zt\u00fcnk.<\/p>\n<div class=\"thumb_wrapper margin_r20\" style=\"float: left;\"><a title=\"\u00dat fel a hegyre\" href=\"\/kepinfo\/50\/3002\/index.html\"><img decoding=\"async\" loading=\"lazy\" class=\"alignleft\" src=\"\/modules\/kepmutat.php?dir=50&amp;kep=3002\" alt=\"\u00dat fel a hegyre\" width=\"198\" height=\"146\" align=\"left\" \/><\/a><\/div>\n<p>Szerencs\u00e9sen \u00e1tjutottunk a t\u00fals\u00f3 partra, itt meg\u00e1lltunk, hogy szer\u00e9ny reggelinket elfogyasszuk.<br \/>\nA <a class=\"nolink\" title=\"S\u00e1rga s\u00e1v turista jelz\u00e9s\" href=\"\/tura\/turistajelzes\"><img decoding=\"async\" class=\"turistajelzeskep\" src=\"\/images\/tura\/jelzesek\/sasav1.gif\" alt=\"S\u00e1rga s\u00e1v turista jelz\u00e9s\" \/><\/a> jelz\u00e9s term\u00e9szetesen hasonl\u00f3k\u00e9pp \u00e1tjutott a jelzett helyen, \u00edgy a t\u00faloldalt folytathattuk az utunk. Egy kis emelked\u0151 k\u00f6vetkezett a Kis-Pazsag-l\u00e1pa ment\u00e9n. Feljutv\u00e1n a tet\u0151re a <a class=\"nolink\" title=\"S\u00e1rga s\u00e1v turista jelz\u00e9s\" href=\"\/tura\/turistajelzes\"><img decoding=\"async\" class=\"turistajelzeskep\" src=\"\/images\/tura\/jelzesek\/sasav1.gif\" alt=\"S\u00e1rga s\u00e1v turista jelz\u00e9s\" \/><\/a> \u00e9s a <a class=\"nolink\" title=\"K\u00e9k s\u00e1v turista jelz\u00e9s\" href=\"\/tura\/turistajelzes\"><img decoding=\"async\" class=\"turistajelzeskep\" src=\"\/images\/tura\/jelzesek\/kesav1.gif\" alt=\"K\u00e9k s\u00e1v turista jelz\u00e9s\" \/><\/a> jelz\u00e9s k\u00f6z\u00f6s r\u00e9sz\u00e9re \u00e9rkezt\u00fcnk. Mi balra a <a class=\"nolink\" title=\"K\u00e9k s\u00e1v turista jelz\u00e9s\" href=\"\/tura\/turistajelzes\"><img decoding=\"async\" class=\"turistajelzeskep\" src=\"\/images\/tura\/jelzesek\/kesav1.gif\" alt=\"K\u00e9k s\u00e1v turista jelz\u00e9s\" \/><\/a> jelz\u00e9st k\u00f6vetve indultunk tov\u00e1bb Feh\u00e9r-k\u00fat fel\u00e9. Itt a <a class=\"nolink\" title=\"K\u00e9k s\u00e1v turista jelz\u00e9s\" href=\"\/tura\/turistajelzes\"><img decoding=\"async\" class=\"turistajelzeskep\" src=\"\/images\/tura\/jelzesek\/kesav1.gif\" alt=\"K\u00e9k s\u00e1v turista jelz\u00e9s\" \/><\/a> \u00e9s a <a class=\"nolink\" title=\"K\u00e9k kereszt turista jelz\u00e9s\" href=\"\/tura\/turistajelzes\"><img decoding=\"async\" class=\"turistajelzeskep\" src=\"\/images\/tura\/jelzesek\/keker1.gif\" alt=\"K\u00e9k kereszt turista jelz\u00e9s\" \/><\/a> jelz\u00e9sek tal\u00e1lkoz\u00e1s\u00e1n\u00e1l\u00a0 tov\u00e1bbra is a <a class=\"nolink\" title=\"K\u00e9k s\u00e1v turista jelz\u00e9s\" href=\"\/tura\/turistajelzes\"><img decoding=\"async\" class=\"turistajelzeskep\" src=\"\/images\/tura\/jelzesek\/kesav1.gif\" alt=\"K\u00e9k s\u00e1v turista jelz\u00e9s\" \/><\/a> turista \u00fatvonalon A Derecske-l\u00e1pa fel\u00e9 vett\u00fcnk az ir\u00e1nyt.<\/p>\n<div class=\"thumb_wrapper margin_r20\" style=\"float: right;\"><a title=\"Derecske-l\u00e1pa\" href=\"\/kepinfo\/50\/3061\/index.html\"><img decoding=\"async\" loading=\"lazy\" class=\"alignright\" src=\"\/modules\/kepmutat.php?dir=50&amp;kep=3061\" alt=\"Derecske-l\u00e1pa\" width=\"198\" height=\"146\" align=\"right\" \/><\/a><\/div>\n<p>A Derecske-l\u00e1pa el\u0151sz\u00f6r egy kiss\u00e9 ben\u0151tt aljn\u00f6v\u00e9nyzet\u0171 ter\u00fcleten haladt \u00e1t szinte emelked\u00e9s n\u00e9lk\u00fcl, majd lassan meg\u00e9rkezett egy kisz\u00e1radt patakmeder<br \/>\nmellett fut\u00f3 domboldalhoz. Az utunk a <a class=\"nolink\" title=\"K\u00e9k s\u00e1v turista jelz\u00e9s\" href=\"\/tura\/turistajelzes\"><img decoding=\"async\" class=\"turistajelzeskep\" src=\"\/images\/tura\/jelzesek\/kesav1.gif\" alt=\"K\u00e9k s\u00e1v turista jelz\u00e9s\" \/><\/a> jelz\u00e9sen egy erdei \u00faton haladt innent\u0151l, ami szint\u00e9n a domb oldal\u00e1ban helyezkedett el.<br \/>\nA meder folyamatosan m\u00e9ly\u00fclt, egyre magasabban haladtunk felette. Kisebb forr\u00e1sok pr\u00f3b\u00e1lt\u00e1k v\u00edzzel megt\u00f6lteni a medret, de hamar elmaradt a viz\u00fck, elsziv\u00e1rgott<br \/>\na m\u00e9lybe. Az \u00fat a v\u00e9ge fel\u00e9 \u00fajra megk\u00f6zel\u00edtette a meder szintj\u00e9t, majd le is \u00e9rt hozz\u00e1. Itt is szemmel l\u00e1that\u00f3 volt a le\u00f6ml\u0151 v\u00edz \u00e1ltal lehordott hordal\u00e9k<br \/>\n\u00f3ri\u00e1si mennyis\u00e9ge. Ahhoz k\u00e9pest, hogy ki volt most is sz\u00e1radva a meder, \u00f3ri\u00e1si v\u00edzt\u00f6meg lehetett, ami k\u00e9pes volt ennyi k\u00f6vet elcipelni, \u00e9s lerakni, a v\u00f6lgyben<br \/>\nkisz\u00e9lesed\u0151 ter\u00fcletre.<\/p>\n<div class=\"thumb_wrapper margin_r20\" style=\"float: left;\"><a title=\"Lehordott hordal\u00e9k\" href=\"\/kepinfo\/50\/3054\/index.html\"><img decoding=\"async\" loading=\"lazy\" class=\"alignleft\" src=\"\/modules\/kepmutat.php?dir=50&amp;kep=3054\" alt=\"Lehordott hordal\u00e9k\" width=\"198\" height=\"146\" align=\"left\" \/><\/a><\/div>\n<p>Mint a hordal\u00e9kb\u00f3l is l\u00e1tszik, sz\u00e9les, er\u0151s folyam hordhatta le a k\u00f6veket \u00e9s f\u00e1kat. Ezt biztosan nem tudtuk volna \u00e1tugrani, itt m\u00e1r bele kellett volna<br \/>\nl\u00e9pni a mederbe az \u00e1thalad\u00e1shoz. Ezzel a <a class=\"nolink\" title=\"K\u00e9k s\u00e1v turista jelz\u00e9s\" href=\"\/tura\/turistajelzes\"><img decoding=\"async\" class=\"turistajelzeskep\" src=\"\/images\/tura\/jelzesek\/kesav1.gif\" alt=\"K\u00e9k s\u00e1v turista jelz\u00e9s\" \/><\/a> jelz\u00e9s le\u00e9rt a H\u00f3r-v\u00f6lgybe. Itt a\u00a0 keresztez\u0151 <a class=\"nolink\" title=\"Piros s\u00e1v turista jelz\u00e9s\" href=\"\/tura\/turistajelzes\"><img decoding=\"async\" class=\"turistajelzeskep\" src=\"\/images\/tura\/jelzesek\/pisav1.gif\" alt=\"Piros s\u00e1v turista jelz\u00e9s\" \/><\/a> jelz\u00e9shez csatlakozik a <a class=\"nolink\" title=\"K\u00e9k s\u00e1v turista jelz\u00e9s\" href=\"\/tura\/turistajelzes\"><img decoding=\"async\" class=\"turistajelzeskep\" src=\"\/images\/tura\/jelzesek\/kesav1.gif\" alt=\"K\u00e9k s\u00e1v turista jelz\u00e9s\" \/><\/a> jelz\u00e9s is, teh\u00e1t egy\u00fctt haladnak, ha m\u00e1s is, mint Mi balra indul el a jelz\u00e9sen. A k\u00f6z\u00f6s jelz\u00e9s a H\u00f3r-patak ment\u00e9n<br \/>\nhalad a Hideg pataki el\u00e1gaz\u00e1shoz, valami r\u00e9gi vas\u00fathoz, \u00e9s vas\u00fati \u00e1trakod\u00f3hoz. Ez az \u00fat egyben egy ker\u00e9kp\u00e1r \u00fat is, ennek megfelel\u0151en k\u00f6nnyen j\u00e1rhat\u00f3 volt.<br \/>\nA patak \u00e9s k\u00f6rnyezete is arra engedett k\u00f6vetkeztetni, mint a t\u00e9rk\u00e9p is jelzi, hogy ez egy folyamatosan jelenl\u00e9v\u0151 patak.<\/p>\n<div class=\"thumb_wrapper margin_r20\" style=\"float: right;\"><a title=\"A \u00faton h\u00f6mp\u00f6lyg\u0151 v\u00edz\" href=\"\/kepinfo\/50\/3047\/index.html\"><img decoding=\"async\" loading=\"lazy\" class=\"alignright\" src=\"\/modules\/kepmutat.php?dir=50&amp;kep=3047\" alt=\"A \u00faton h\u00f6mp\u00f6lyg\u0151 v\u00edz\" width=\"198\" height=\"146\" align=\"right\" \/><\/a><\/div>\n<p>Helyenk\u00e9nt az \u00faton is h\u00f6mp\u00f6lyg\u00f6tt a v\u00edz, de zavar\u00f3 nem volt. A hegyr\u0151l lefoly\u00f3 v\u00edz volt, szinte krist\u00e1lytiszta, persze inni az\u00e9rt nem ittunk bel\u0151le.<br \/>\nN\u00e9hol a domboldalr\u00f3l az erd\u0151 s\u0171r\u0171j\u00e9b\u0151l t\u00f6rt el\u0151 keresztezve az utunkat, majd megfelel\u0151 helyet tal\u00e1lva a patak v\u00edzt\u00f6meg\u00e9t n\u00f6velve<br \/>\nelt\u0171nt a t\u00faloldalon. Szerintem ez a &#8222;l\u00e1tv\u00e1nyoss\u00e1g&#8221; is az es\u0151z\u00e9seknek volt &#8222;k\u00f6sz\u00f6nhet\u0151&#8221;. A s\u00e9t\u00e1nk k\u00f6zben k\u00f6zelben f\u00e9szkel\u0151 vadkacs\u00e1t is l\u00e1ttunk,<br \/>\nde csak t\u00e1volr\u00f3l tudtam m\u00e1r elkapni, mert elsz\u00e1llt. H\u00e1pogott el\u00e9g hangosan, \u00edgy jelezve a t\u00f6bbieknek, hogy ne j\u00f6jjenek el\u0151 miattunk.<br \/>\nV\u00edzes\u00e9s hangjaira lett\u00fcnk figyelmesek, persze a t\u00e9rk\u00e9nek hi\u00e1ba n\u00e9zt\u00fck nem tal\u00e1ltuk, de csod\u00e1lkoztunk is, mert szinte s\u00edk terepen vezetett az utunk egy lassan kisz\u00e9lesed\u0151<br \/>\ntiszt\u00e1s k\u00f6zep\u00e9n.<\/p>\n<div class=\"thumb_wrapper margin_r20\" style=\"float: left;\"><a title=\"V\u00edzzel el\u00e1rasztott Tebe-r\u00e9t\" href=\"\/kepinfo\/50\/3055\/index.html\"><img decoding=\"async\" loading=\"lazy\" class=\"alignleft\" src=\"\/modules\/kepmutat.php?dir=50&amp;kep=3055\" alt=\"V\u00edzzel el\u00e1rasztott Tebe-r\u00e9t\" width=\"198\" height=\"146\" align=\"left\" \/><\/a><\/div>\n<p>Meg is tal\u00e1ltuk a hang forr\u00e1s\u00e1t, val\u00f3ban egy kis v\u00edzes\u00e9s volt. Az persze l\u00e1tszott rajta, hogy nem t\u00fal r\u00e9gen teremhetett. Tov\u00e1bb haladva tal\u00e1ltuk meg az ok\u00e1t, ami\u00e9rt<br \/>\nkialakult. A Tebe-r\u00e9ten v\u00edz \u00e1llt, val\u00f3sz\u00edn\u0171leg nem volt k\u00e9pes a nagy v\u00edzhozamot elvezetni a patak, ez\u00e9rt meg\u00e1llt ezen a s\u00edk terepen a v\u00edz, \u00e9s egy tavat form\u00e1zott<br \/>\nmeg. Az ebb\u0151l a t\u00f3b\u00f3l ki\u00e1raml\u00f3 v\u00edz \u00e1t\u00f6ml\u00f6tt a jobbra az erd\u0151be vezet\u0151 \u00faton, \u00e9s ez a folyam alakult v\u00edzes\u00e9ss\u00e9. Azt\u00e1n lehet, hogy nem igaz, \u00e9s a &#8222;t\u00f3&#8221; sokszor,<br \/>\nvagy legal\u00e1bbis el\u00e9g gyakran l\u00e9tezik, de nekem \u00fagy t\u0171nt, hogy egy \u00e1tmeneti jelens\u00e9g. Nagyon sz\u00e9p volt, persze az id\u0151 is kedvezett, hogy ilyen sz\u00e9pnek mutatta<br \/>\nmag\u00e1t a term\u00e9szet. A <a class=\"nolink\" title=\"K\u00e9k s\u00e1v turista jelz\u00e9s\" href=\"\/tura\/turistajelzes\"><img decoding=\"async\" class=\"turistajelzeskep\" src=\"\/images\/tura\/jelzesek\/kesav1.gif\" alt=\"K\u00e9k s\u00e1v turista jelz\u00e9s\" \/><\/a> <a class=\"nolink\" title=\"Piros s\u00e1v turista jelz\u00e9s\" href=\"\/tura\/turistajelzes\"><img decoding=\"async\" class=\"turistajelzeskep\" src=\"\/images\/tura\/jelzesek\/pisav1.gif\" alt=\"Piros s\u00e1v turista jelz\u00e9s\" \/><\/a> k\u00f6z\u00f6s jelz\u00e9s tovahaladt a Tebe-r\u00e9t mellett, \u00e9s a\u00a0 k\u00f6z\u00e9ps\u0151 r\u00e9szen tal\u00e1lkozott az \u00e1ltalunk v\u00e1lasztott <a class=\"nolink\" title=\"K\u00e9k n\u00e9gysz\u00f6g turista jelz\u00e9s\" href=\"\/tura\/turistajelzes\"><img decoding=\"async\" class=\"turistajelzeskep\" src=\"\/images\/tura\/jelzesek\/kehaz1.gif\" alt=\"K\u00e9k n\u00e9gysz\u00f6g turista jelz\u00e9s\" \/><\/a> jelz\u00e9ssel.<\/p>\n<p><a title=\"Tebepuszta\" href=\"\/kepinfo\/50\/2994\/index.html\"><img decoding=\"async\" class=\"alignright\" src=\"\/modules\/kepmutat.php?dir=50&amp;kep=2994\" alt=\"Tebepuszta\" height=\"150\" align=\"right\" hspace=\"15\" \/><\/a> A keresztez\u0151d\u00e9sn\u00e9l ker\u00edt\u00e9ssel tal\u00e1lkoztunk, ennek ment\u00e9n kellett balra fordulnunk. A ter\u00fclet egy &#8222;Fokozottan v\u00e9dett ter\u00fcletet&#8221; vett k\u00f6rbe. Pontos funkci\u00f3j\u00e1t sajnos<br \/>\nnem ismerj\u00fck. Az utunk innent\u0151l \u00fajra az erd\u0151be vezetett. Az \u00faton addig v\u00e9gig v\u00edzfoly\u00e1s volt tapasztalhat\u00f3 a R\u00e9p\u00e1shut\u00e1r\u00f3l indul\u00f3 kis patak ment\u00e9n. Ezzel a Balla-v\u00f6lgybe<br \/>\njutottunk. Megkock\u00e1ztatom, hogy a Balla-patak folydog\u00e1l az \u00fat ment\u00e9n. Az utunk egy h\u00eddon kereszt\u00fcl \u00e1thaladt a patakon. Az \u00fat mindk\u00e9t oldal\u00e1n sziklafalak, v\u00edzmos\u00e1sok, \u00e9s a patak<br \/>\nmutatott be egy-egy term\u00e9szeti m\u0171vet. Aki csak egy r\u00f6vid s\u00e9t\u00e1ra v\u00e1llalkozik, az is k\u00f6nnyen megteheti, hogy ezt a r\u00e9szt megn\u00e9zze, mert a telep\u00fcl\u00e9st\u0151l m\u00e1r csak<br \/>\nvagy 2km-re tal\u00e1lhat\u00f3.<\/p>\n<div class=\"thumb_wrapper margin_r20\" style=\"float: left;\"><a title=\"Felfel\u00e9 \u00fat a Balla-barlaghoz\" href=\"\/kepinfo\/50\/3060\/index.html\"><img decoding=\"async\" loading=\"lazy\" class=\"alignleft\" src=\"\/modules\/kepmutat.php?dir=50&amp;kep=3060\" alt=\"Felfel\u00e9 \u00fat a Balla-barlaghoz\" width=\"198\" height=\"146\" align=\"left\" \/><\/a><\/div>\n<p>Sz\u00f3val a kb. 2-3km megt\u00e9tele ut\u00e1n vissza is \u00e9rt\u00fcnk a telep\u00fcl\u00e9s sz\u00e9l\u00e9re. A <a class=\"nolink\" title=\"K\u00e9k n\u00e9gysz\u00f6g turista jelz\u00e9s\" href=\"\/tura\/turistajelzes\"><img decoding=\"async\" class=\"turistajelzeskep\" src=\"\/images\/tura\/jelzesek\/kehaz1.gif\" alt=\"K\u00e9k n\u00e9gysz\u00f6g turista jelz\u00e9s\" \/><\/a> jelz\u00e9st k\u00f6vetve begyalogolhatunk a k\u00f6zpontba. Azonban a falu sz\u00e9l\u00e9n<br \/>\nism\u00e9t megtal\u00e1lhatjuk a t\u00fara elej\u00e9n m\u00e1r eml\u00edtett K\u0151balta-tan\u00f6sv\u00e9nyt. Mi \u00fagy d\u00f6nt\u00f6tt\u00fcnk, hogy a kimaradt r\u00e9szt is megtekintj\u00fck, \u00edgy term\u00e9szetesen felm\u00e1szunk a Balla-barlanghoz<br \/>\nis. A <a class=\"nolink\" title=\"S\u00e1rga barlang turista jelz\u00e9s\" href=\"\/tura\/turistajelzes\"><img decoding=\"async\" class=\"turistajelzeskep\" src=\"\/images\/tura\/jelzesek\/sabar1.gif\" alt=\"S\u00e1rga barlang turista jelz\u00e9s\" \/><\/a> jelz\u00e9s seg\u00edti a t\u00e1j\u00e9koz\u00f3d\u00e1st, ha \u00e9pp a tan\u00f6sv\u00e9ny nem lenne. Egysz\u00f3val megindultunk a tan\u00f6sv\u00e9nyen. Egy tal\u00e1n 200m ut\u00e1n balra vezetett fel az<br \/>\negy\u00e9bk\u00e9nt el\u00e9g meredek hegyoldalra egy korl\u00e1tokkal is ki\u00e9p\u00edtett \u00f6sv\u00e9ny. Ugyan a fel\u00faj\u00edt\u00e1s m\u00e1r r\u00e1f\u00e9rne, de eg\u00e9szen j\u00f3 \u00fat vezet fel a barlang al\u00e1. A kaptat\u00f3 kicsit megszorongatja<br \/>\naz elf\u00e1radt ember tork\u00e1t, de azt gondolom, hogy az\u00e9rt \u00e9rdemes felm\u00e1szni, ha m\u00e1r itt van az ember.<\/p>\n<div class=\"thumb_wrapper margin_r20\" style=\"float: right;\"><a title=\"Balla-barlang bej\u00e1rata\" href=\"\/kepinfo\/50\/3075\/index.html\"><img decoding=\"async\" loading=\"lazy\" class=\"alignright\" src=\"\/modules\/kepmutat.php?dir=50&amp;kep=3075\" alt=\"Balla-barlang bej\u00e1rata\" width=\"198\" height=\"146\" align=\"right\" \/><\/a><\/div>\n<p>A <a class=\"nolink\" title=\"S\u00e1rga barlang turista jelz\u00e9s\" href=\"\/tura\/turistajelzes\"><img decoding=\"async\" class=\"turistajelzeskep\" src=\"\/images\/tura\/jelzesek\/sabar1.gif\" alt=\"S\u00e1rga barlang turista jelz\u00e9s\" \/><\/a> turista jelz\u00e9s v\u00e9gig k\u00f6veti az utunk, minthogy ez jelzi a barlanghoz vezet\u0151 utat. A barlang sz\u00e9p t\u00e1gas, kellemes tart\u00f3zkod\u00f3 hely<br \/>\nlehetett a korabeli embernek. Az nem eg\u00e9szen der\u00fclt ki sz\u00e1momra, hogy honnan kapta a nev\u00e9t, csak arra tudok gondolni, hogy a felfedez\u0151j\u00e9r\u0151l. A kis pihen\u0151 ut\u00e1n<br \/>\nvisszaindultunk a hegyoldalon lefel\u00e9, m\u00edg a <a class=\"nolink\" title=\"S\u00e1rga barlang turista jelz\u00e9s\" href=\"\/tura\/turistajelzes\"><img decoding=\"async\" class=\"turistajelzeskep\" src=\"\/images\/tura\/jelzesek\/sabar1.gif\" alt=\"S\u00e1rga barlang turista jelz\u00e9s\" \/><\/a> jelz\u00e9s vissza nem \u00e9rt a K\u0151balta-tan\u00f6sv\u00e9nyre. Balra az \u00f6sv\u00e9nyre t\u00e9rve a telep\u00fcl\u00e9s felett haladtunk a domb oldal\u00e1ban, n\u00e9ha nagyon sz\u00e9p r\u00e1l\u00e1t\u00e1ssal a falura. A kb. 1,5-2 km-es tan\u00f6sv\u00e9ny v\u00e9g\u00e9n a kiindul\u00f3 pontunkra vissza\u00e9rve fejezt\u00fck be ezt a sz\u00e9p t\u00far\u00e1t. \u00c1t\u00f6lt\u00f6z\u00e9s ut\u00e1n a<br \/>\ntelep\u00fcl\u00e9s k\u00f6zpontj\u00e1ban tal\u00e1lhat\u00f3 Vad\u00e1sz-cs\u00e1rd\u00e1ba t\u00e9rt\u00fcnk be. Nagyon sz\u00e9pen megcsin\u00e1lt \u00e9tteremre tal\u00e1ltunk. K\u00e1r lenne, ha a kis forgalom miatt megsz\u0171nne. Teljesen el\u00e9gedettek<br \/>\nvoltunk a kiszolg\u00e1l\u00e1ssal, az \u00e9telekkel \u00e9s az \u00e1rakkal is. Nagyon finom vad\u00e9teleket lehet enni. Mindenkinek tudom aj\u00e1nlani.<\/p>\n<ul>\n<li>A t\u00fara k\u00e9peit megtekintheti a k\u00f6vetkez\u0151 gal\u00e9ri\u00e1ban: <a title=\"R\u00e9p\u00e1shuta k\u00e9p gal\u00e9ria\" href=\"\/galeria\/50\/index.html\">R\u00e9p\u00e1shuta k\u00e9p gal\u00e9ria<\/a>.<\/li>\n<li>Egy\u00e9b t\u00far\u00e1z\u00e1ssal kapcsolatos k\u00e9pgal\u00e9ri\u00e1k: <a title=\"Dzs-z.hu t\u00fara, turista k\u00e9p gal\u00e9ri\u00e1k\" href=\"\/galeriak\/index.html\">Dzs-z.hu k\u00e9p gal\u00e9ri\u00e1k<\/a>.<\/li>\n<\/ul>\n<div class=\"inpostadsfull\"><div style=\"margin:10px auto;text-align:center;\"><script async src=\"\/\/pagead2.googlesyndication.com\/pagead\/js\/adsbygoogle.js\"><\/script><!-- Dzs-recept-1 --><ins class=\"adsbygoogle\"     style=\"display:inline-block;width:728px;height:90px\"     data-ad-client=\"ca-pub-5246420517641697\"     data-ad-slot=\"3352945761\"><\/ins><script>(adsbygoogle = window.adsbygoogle || []).push({});<\/script><\/div><\/div>","protected":false},"excerpt":{"rendered":"<p>R\u00e9p\u00e1shuta k\u00f6rny\u00e9k\u00e9n tett\u00fcnk egy k\u00f6rt\u00far\u00e1t a B\u00fckk-hegys\u00e9gben.<\/p>\n","protected":false},"author":1,"featured_media":651,"comment_status":"open","ping_status":"closed","sticky":false,"template":"","format":"standard","meta":{"footnotes":""},"categories":[2],"tags":[3,4,21,22],"_links":{"self":[{"href":"http:\/\/www.dzs-z.hu\/tura\/wp-json\/wp\/v2\/posts\/68"}],"collection":[{"href":"http:\/\/www.dzs-z.hu\/tura\/wp-json\/wp\/v2\/posts"}],"about":[{"href":"http:\/\/www.dzs-z.hu\/tura\/wp-json\/wp\/v2\/types\/post"}],"author":[{"embeddable":true,"href":"http:\/\/www.dzs-z.hu\/tura\/wp-json\/wp\/v2\/users\/1"}],"replies":[{"embeddable":true,"href":"http:\/\/www.dzs-z.hu\/tura\/wp-json\/wp\/v2\/comments?post=68"}],"version-history":[{"count":4,"href":"http:\/\/www.dzs-z.hu\/tura\/wp-json\/wp\/v2\/posts\/68\/revisions"}],"predecessor-version":[{"id":653,"href":"http:\/\/www.dzs-z.hu\/tura\/wp-json\/wp\/v2\/posts\/68\/revisions\/653"}],"wp:featuredmedia":[{"embeddable":true,"href":"http:\/\/www.dzs-z.hu\/tura\/wp-json\/wp\/v2\/media\/651"}],"wp:attachment":[{"href":"http:\/\/www.dzs-z.hu\/tura\/wp-json\/wp\/v2\/media?parent=68"}],"wp:term":[{"taxonomy":"category","embeddable":true,"href":"http:\/\/www.dzs-z.hu\/tura\/wp-json\/wp\/v2\/categories?post=68"},{"taxonomy":"post_tag","embeddable":true,"href":"http:\/\/www.dzs-z.hu\/tura\/wp-json\/wp\/v2\/tags?post=68"}],"curies":[{"name":"wp","href":"https:\/\/api.w.org\/{rel}","templated":true}]}}