{"id":692,"date":"2018-09-16T09:47:45","date_gmt":"2018-09-16T09:47:45","guid":{"rendered":"http:\/\/www.dzs-z.hu\/tura\/?p=692"},"modified":"2021-11-01T18:09:56","modified_gmt":"2021-11-01T18:09:56","slug":"2018-ban-az-elevenszulo-gyik-es-ev-hulloje","status":"publish","type":"post","link":"http:\/\/www.dzs-z.hu\/tura\/egyeb\/2018-ban-az-elevenszulo-gyik-es-ev-hulloje","title":{"rendered":"2018-ban az elevensz\u00fcl\u0151 gy\u00edk az \u00e9v h\u00fcll\u0151je"},"content":{"rendered":"<h3>2018-ban az elevensz\u00fcl\u0151 gy\u00edk az \u00e9v h\u00fcll\u0151je<\/h3>\n<blockquote><p>Id\u00e9n az \u00e9v h\u00fcll\u0151faj\u00e1nak a kism\u00e9ret\u0171, legink\u00e1bb barna sz\u00edn\u0171, h\u00e1t\u00e1n jellegzetes s\u00e1vokat visel\u0151 elevensz\u00fcl\u0151 gy\u00edkot <em>(<\/em><em>Zootoca vivipara)<\/em> v\u00e1lasztott\u00e1k. A figyelemfelh\u00edv\u00e1s c\u00e9lja, egyr\u00e9szt ennek a ritka, fokozottan v\u00e9dett gy\u00edkfajnak a megismertet\u00e9se, m\u00e1sr\u00e9szt a fajt vesz\u00e9lyeztet\u0151 legfontosabb probl\u00e9m\u00e1k bemutat\u00e1sa.<\/p><\/blockquote>\n<h4>A 2018-as \u00e9v h\u00fcll\u0151j\u00e9nek elterjed\u00e9se<\/h4>\n<p>Speci\u00e1lis szaporod\u00e1sm\u00f3dja lehet\u0151v\u00e9 teszi, hogy meg\u00e9ljen az \u00e9szaki sarkk\u00f6r\u00f6n t\u00fal, d\u00e9len pedig Bulg\u00e1ri\u00e1ig elterjedt. Kelet-nyugati ir\u00e1nyban \u00c9szaknyugat-Spanyolorsz\u00e1gt\u00f3l \u00c9szak-\u00c1zsi\u00e1ig megfigyelhet\u0151. Haz\u00e1nkban ritka faj, f\u0151k\u00e9nt a j\u00e9gkorszak ut\u00e1ni maradv\u00e1nyter\u00fcletek lak\u00f3ja, a Hans\u00e1gban, a Turj\u00e1nvid\u00e9ken, a Bihari-s\u00edk \u00e9s a Ny\u00edrs\u00e9g megfelel\u0151 \u00e9l\u0151helyein \u00e9l. A legnagyobb egybef\u00fcgg\u0151 \u00e1llom\u00e1ny\u00e1val a Bereg-Szatm\u00e1ri-s\u00edkon tal\u00e1lkozhatunk.<\/p>\n<h4>Az \u00e9v h\u00fcll\u0151je 2018 \u00e9l\u0151helye<\/h4>\n<p>Eur\u00f3pa nagyr\u00e9sz\u00e9n hegyvid\u00e9ki faj, haz\u00e1nkban \u00e9s t\u0151l\u00fcnk \u00e9szakra haladva egyre ink\u00e1bb a s\u00edks\u00e1gok lak\u00f3ja. A p\u00e1r\u00e1s, nedves \u00e9l\u0151helyek kedvez\u0151ek a faj sz\u00e1m\u00e1ra, \u00edgy \u00fcde erd\u0151kben, l\u00e1pok k\u00f6rnyezet\u00e9ben, l\u00e1pr\u00e9teken \u00e9s mocsarakban \u00e9l, azonban a Szatm\u00e1r-Beregben emberi telep\u00fcl\u00e9sek k\u00f6zel\u00e9ben, parkokban, kertekben is megtelepszik.<\/p>\n<h4>Az elevensz\u00fcl\u0151 gy\u00edk \u00e9letm\u00f3dja<\/h4>\n<p>Az els\u0151 p\u00e9ld\u00e1nyok kora tavasszal b\u00fajnak el\u0151 rejtekhely\u00fckr\u0151l, n\u00e1szid\u0151szakuk \u00e1prilis-m\u00e1jus h\u00f3napokra tehet\u0151. Az Ausztri\u00e1ban \u00e9l\u0151k, ill. a t\u0151l\u00fcnk d\u00e9lre el\u0151fordul\u00f3 popul\u00e1ci\u00f3k n\u0151st\u00e9nyei toj\u00e1st raknak, m\u00edg haz\u00e1nkban a test\u00fckben hordj\u00e1k ki a v\u00e9kony burokban fejl\u0151d\u0151 ut\u00f3daikat, melyek j\u00faliusban, augusztusban j\u00f6nnek a vil\u00e1gra. Az egyedek nagy r\u00e9sze az els\u0151 fagyok bek\u00f6sz\u00f6nte el\u0151tt t\u00e9li b\u00fav\u00f3hely\u00fckre vonulnak. Apr\u00f3 rovarokkal, l\u00e1rv\u00e1kkal t\u00e1pl\u00e1lkoznak, de zs\u00e1km\u00e1nyolnak giliszt\u00e1kat, csig\u00e1kat \u00e9s meztelen csig\u00e1kat is.<\/p>\n<h4>Az elevensz\u00fcl\u0151 gy\u00edk \u00e1llom\u00e1nynagys\u00e1ga<\/h4>\n<p>Vesz\u00e9lyeztetett fajunk, ugyanis hazai popul\u00e1ci\u00f3i egym\u00e1st\u00f3l elszigetelten \u00e9lnek, \u00e9lettereik zsugorodnak. Fennmarad\u00e1s\u00e1t legink\u00e1bb az \u00e9l\u0151helyein bek\u00f6vetkez\u0151 v\u00e1ltoz\u00e1sok vesz\u00e9lyeztetik. A nedves, l\u00e1pos, mocsaras ter\u00fcletek lecsapol\u00e1sa, a talajv\u00edzszint s\u00fcllyed\u00e9se, a lehullott csapad\u00e9kmennyis\u00e9g cs\u00f6kken\u00e9se kedvez\u0151tlen a faj sz\u00e1m\u00e1ra.<\/p>\n<p>Az elevensz\u00fcl\u0151 gy\u00edk haz\u00e1nk ritka, fokozottan v\u00e9dett faja, term\u00e9szetv\u00e9delmi \u00e9rt\u00e9ke 100.000 Ft.<\/p>\n<p>Fot\u00f3k \u00e9s sz\u00f6veg: Habarics B\u00e9la, Term\u00e9szetv\u00e9delmi \u0150rszolg\u00e1lat<\/p>\n<p>&nbsp;<\/p>\n<p>A bejegyz\u00e9s alapja: http:\/\/www.hnp.hu\/hu\/szervezeti-egyseg\/termeszetvedelem\/1123\/a-2018-ev-hullofaja-az-elevenszulo-gyik<\/p>\n<div class=\"inpostadsfull\"><div style=\"margin:10px auto;text-align:center;\"><script async src=\"\/\/pagead2.googlesyndication.com\/pagead\/js\/adsbygoogle.js\"><\/script><!-- Dzs-recept-1 --><ins class=\"adsbygoogle\"     style=\"display:inline-block;width:728px;height:90px\"     data-ad-client=\"ca-pub-5246420517641697\"     data-ad-slot=\"3352945761\"><\/ins><script>(adsbygoogle = window.adsbygoogle || []).push({});<\/script><\/div><\/div>","protected":false},"excerpt":{"rendered":"<p>2018-ban az elevensz\u00fcl\u0151 gy\u00edk az \u00e9v h\u00fcll\u0151je Id\u00e9n az \u00e9v h\u00fcll\u0151faj\u00e1nak a kism\u00e9ret\u0171, legink\u00e1bb barna sz\u00edn\u0171, h\u00e1t\u00e1n jellegzetes s\u00e1vokat visel\u0151 elevensz\u00fcl\u0151 gy\u00edkot (Zootoca vivipara) v\u00e1lasztott\u00e1k. A figyelemfelh\u00edv\u00e1s c\u00e9lja, egyr\u00e9szt ennek a ritka, fokozottan v\u00e9dett gy\u00edkfajnak a megismertet\u00e9se, m\u00e1sr\u00e9szt a fajt vesz\u00e9lyeztet\u0151 legfontosabb probl\u00e9m\u00e1k bemutat\u00e1sa. A 2018-as \u00e9v h\u00fcll\u0151j\u00e9nek elterjed\u00e9se Speci\u00e1lis szaporod\u00e1sm\u00f3dja lehet\u0151v\u00e9 teszi, hogy meg\u00e9ljen [&hellip;]<\/p>\n","protected":false},"author":1,"featured_media":693,"comment_status":"closed","ping_status":"closed","sticky":false,"template":"","format":"standard","meta":{"footnotes":""},"categories":[1],"tags":[327,253,255,160,254],"_links":{"self":[{"href":"http:\/\/www.dzs-z.hu\/tura\/wp-json\/wp\/v2\/posts\/692"}],"collection":[{"href":"http:\/\/www.dzs-z.hu\/tura\/wp-json\/wp\/v2\/posts"}],"about":[{"href":"http:\/\/www.dzs-z.hu\/tura\/wp-json\/wp\/v2\/types\/post"}],"author":[{"embeddable":true,"href":"http:\/\/www.dzs-z.hu\/tura\/wp-json\/wp\/v2\/users\/1"}],"replies":[{"embeddable":true,"href":"http:\/\/www.dzs-z.hu\/tura\/wp-json\/wp\/v2\/comments?post=692"}],"version-history":[{"count":2,"href":"http:\/\/www.dzs-z.hu\/tura\/wp-json\/wp\/v2\/posts\/692\/revisions"}],"predecessor-version":[{"id":824,"href":"http:\/\/www.dzs-z.hu\/tura\/wp-json\/wp\/v2\/posts\/692\/revisions\/824"}],"wp:featuredmedia":[{"embeddable":true,"href":"http:\/\/www.dzs-z.hu\/tura\/wp-json\/wp\/v2\/media\/693"}],"wp:attachment":[{"href":"http:\/\/www.dzs-z.hu\/tura\/wp-json\/wp\/v2\/media?parent=692"}],"wp:term":[{"taxonomy":"category","embeddable":true,"href":"http:\/\/www.dzs-z.hu\/tura\/wp-json\/wp\/v2\/categories?post=692"},{"taxonomy":"post_tag","embeddable":true,"href":"http:\/\/www.dzs-z.hu\/tura\/wp-json\/wp\/v2\/tags?post=692"}],"curies":[{"name":"wp","href":"https:\/\/api.w.org\/{rel}","templated":true}]}}