{"id":695,"date":"2018-09-08T09:49:55","date_gmt":"2018-09-08T09:49:55","guid":{"rendered":"http:\/\/www.dzs-z.hu\/tura\/?p=695"},"modified":"2021-11-01T18:06:32","modified_gmt":"2021-11-01T18:06:32","slug":"2018-ban-az-ev-faja-a-viragos-koris","status":"publish","type":"post","link":"http:\/\/www.dzs-z.hu\/tura\/egyeb\/2018-ban-az-ev-faja-a-viragos-koris","title":{"rendered":"2018-ban az \u00e9v f\u00e1ja a Vir\u00e1gos k\u0151ris"},"content":{"rendered":"<h3>2018-ban az \u00e9v f\u00e1ja a Vir\u00e1gos k\u0151ris<\/h3>\n<blockquote>\n<p class=\"fontStyle\">Domb- \u00e9s hegyvid\u00e9keink kev\u00e9sb\u00e9 becs\u00fclt fafaja, pedig a meleged\u0151 \u00e9ghajlatunk miatt a j\u00f6v\u0151ben nagyobb \u00f6kol\u00f3giai jelent\u0151s\u00e9ge is lehet.<\/p>\n<\/blockquote>\n<p align=\"right\"><strong>\u00a0<\/strong><\/p>\n<h4>Prof. dr. Bartha D\u00e9nes &#8211; A vir\u00e1gos k\u0151ris (<em>Fraxinus ornus<\/em>) botanikai jellemz\u00e9se<\/h4>\n<p><em>Tudom\u00e1nyos nemzets\u00e9gneve, a Fraxinus a k\u00f6znyelvi latinban m\u00e1r ezt a nemzets\u00e9get, pontosabban a magas k\u0151rist \u00e9s a vele gyakran \u00f6sszet\u00e9vesztett keskenylevel\u0171 k\u0151rist jelentette. M\u00e1r ezen a n\u00e9ven tal\u00e1ljuk Vitruvius De architectura libri decem, Vergilius Eclogae \u00e9s id. Plinius Naturalis Historia c\u00edm\u0171 m\u0171veiben is. Egyesek a latin frango, fregi, fractus\u00a0 \u2019megt\u00f6r\u2019 sz\u00f3ra vezetik vissza a fraxinus eredet\u00e9t, amelyet szerint\u00fck a t\u00f6r\u00e9keny (?) faanyag miatt kapott volna, ez azonban nem bizony\u00edtott. \u00dagyszint\u00e9n kev\u00e9sb\u00e9 igazolt magyar\u00e1zat, miszerint az \u00f3g\u00f6r\u00f6g frasso \u2019beker\u00edteni\u2019, fraxis \u2019ker\u00edt\u00e9s\u2019 szavakb\u00f3l sz\u00e1rmazna a fraxinus, ugyan a k\u0151risc\u00f6l\u00f6p\u00f6k val\u00f3ban alkalmasak ker\u00edt\u00e9s k\u00e9sz\u00edt\u00e9s\u00e9re.<\/em><\/p>\n<p>Az <em>ornus<\/em> fajn\u00e9v m\u00e1r a r\u00f3mai \u00edr\u00f3kn\u00e1l is a vir\u00e1gos k\u0151rist jel\u00f6lte, <em>Vergilius<\/em> \u00e9s <em>Plinius<\/em> fent eml\u00edtett m\u0171veikben, vagy <em>Columella<\/em> <em>De arboribus<\/em> c\u00edm\u0171 k\u00f6nyv\u00e9ben m\u00e1r elk\u00fcl\u00f6n\u00edtett\u00e9k e fajt a t\u00f6bbi akkor ismert k\u0151risfajt\u00f3l. Eredete megint hom\u00e1lyba v\u00e9sz, bizonyos etimol\u00f3giai magyar\u00e1zatok az \u00f3g\u00f6r\u00f6g <em>oreinos<\/em> \u2019hegyen n\u00f6v\u0151\u2019 (\u2190 <em>oros<\/em> \u2019hegy\u2019) sz\u00f3b\u00f3l eredeztetik, amely n\u00e9v \u00e9l\u0151hely\u00e9re utal(hat).<\/p>\n<p>Az 1055-ben napvil\u00e1got l\u00e1tott Tihanyi alap\u00edt\u00f3lev\u00e9lben eml\u00edtik el\u0151sz\u00f6r a <em>k\u0151ris<\/em> sz\u00f3t egy \u00f6sszet\u00e9telben: \u201eusque ad magnam uiam, que dirigitur in <em>keuris tue<\/em>\u201d (azaz \u201ea nagy \u00fatig, amely <em>K\u0151rist\u0151<\/em> fel\u00e9 vezet\u201d). K\u00f6zsz\u00f3k\u00e9nt m\u00e1r 1193-ban adatolhat\u00f3 <em>keures<\/em>-k\u00e9nt, az 1305 k\u00f6r\u00fcl \u00f6ssze\u00e1ll\u00edtott Besztercei sz\u00f3jegyz\u00e9kben \u00e9s az 1405 k\u00f6r\u00fcl \u00edrott Schl\u00e4gli sz\u00f3jegyz\u00e9kben m\u00e1r <em>keres fa<\/em> megjel\u00f6l\u00e9st tal\u00e1lunk. 1703-ban a Dorstenius-f\u00e9le <em>Botanicon<\/em>ba bejegyzett magyar n\u00f6v\u00e9nynevek k\u00f6z\u00f6tt <em>k\u0151r\u00f6s fa<\/em> szerepel, Benk\u0151 J\u00f3zsef 1783-ban megjelent <em>Nomenclatura Botanica<\/em> m\u0171v\u00e9ben <em>k\u00f6r\u00f6s-fa<\/em>, <em>k\u00f6ris-fa<\/em> alakban tal\u00e1ljuk. A <em>k\u0151ris<\/em> fan\u00e9v a nyelv\u00e9szek szerint \u00f3t\u00f6r\u00f6k eredet\u0171, a magyar nyelvbe m\u00e9g a honfoglal\u00e1s el\u0151tt ker\u00fclhetett.<\/p>\n<p>A <em>k\u00f6r\u00f6s<\/em> sz\u00f3 ott tal\u00e1lhat\u00f3 sz\u00e1mos helynev\u00fcnkben is, a Fekete-, Feh\u00e9r- \u00e9s Sebes-K\u00f6r\u00f6s foly\u00f3k nev\u00e9ben, vagy a K\u00f6r\u00f6shegy, K\u00f6r\u00f6snagyhars\u00e1ny, K\u00f6r\u00f6stet\u00e9tlen, K\u00f6r\u00f6slad\u00e1ny, K\u00f6r\u00f6sszak\u00e1ll, K\u00f6r\u00f6sszegap\u00e1ti, K\u00f6r\u00f6starcsa, K\u00f6r\u00f6s\u00fajfalu telep\u00fcl\u00e9snevekben.<\/p>\n<p>A vir\u00e1gos k\u0151ris tudom\u00e1nyos fajnev\u00e9t <em>(Fraxinus ornus)<\/em> Linn\u00e9 adta az 1753-ban megjelent <em>Species Plantarum<\/em> c\u00edm\u0171 m\u0171ve m\u00e1sodik k\u00f6tet\u00e9ben, k\u00e9s\u0151bb Christiaan Hendrik Persoon, P\u00e1rizsban \u00e9l\u0151 mikol\u00f3gus 1805-ben \u00faj nemzets\u00e9gbe sorolta <em>Ornus europaea<\/em> fajn\u00e9vvel, de ez a felfog\u00e1s a k\u00e9s\u0151bbiekben nem honosodott meg. Gyakrabban haszn\u00e1lt magyar neve, a vir\u00e1gos k\u0151ris felt\u0171n\u0151 vir\u00e1gzat\u00e1ra utal, a ritk\u00e1bban haszn\u00e1lt mannak\u0151ris n\u00e9v pedig a fatestb\u0151l kifoly\u00f3 \u00e9s megszil\u00e1rdul\u00f3 mann\u00e1ra.<\/p>\n<p><strong>A Vir\u00e1gos K\u0151ris alaktana<\/strong><\/p>\n<p>Termete az elterjed\u00e9si ter\u00fclet\u00e9n bel\u00fcl \u00e9szak\u2013d\u00e9li ir\u00e1nyban n\u0151, az \u00e9szaki r\u00e9szeken csak ritk\u00e1n \u00e9ri el a 15 m\u00e9ter magass\u00e1got, m\u00edg D\u00e9l-Eur\u00f3p\u00e1ban gyakran meghaladja a 20 m\u00e9ter nagys\u00e1got. Ehhez azonban az is hozz\u00e1tartozik, hogy az \u00e9vsz\u00e1zadokon kereszt\u00fcl gyomf\u00e1nak tartott vir\u00e1gos k\u0151rist \u2013 k\u00fcl\u00f6n\u00f6sen a jobb term\u0151helyeken \u2013 igyekeztek visszaszor\u00edtani, s \u00edgy haz\u00e1nkban is e fajn\u00e1l a \u201elet\u00f6rp\u00edt\u00e9s\u201d jelens\u00e9ge figyelhet\u0151 meg.<\/p>\n<p>Ha ritk\u00e1n, de n\u00e1lunk is tal\u00e1lhat\u00f3k m\u00e9ly term\u0151r\u00e9teg\u0171, laza alapk\u0151zet\u0171 talajokon 20 m\u00e9ter f\u00f6l\u00f6tti p\u00e9ld\u00e1nyok. A sek\u00e9ly term\u0151r\u00e9teg\u0171, t\u00f6m\u00f6r alapk\u0151zet\u0171 talajokra visszaszor\u00edtott egyedek \u2013 esetenk\u00e9nt a t\u00f6bbsz\u00f6ri sarjaztat\u00e1s \u00e9s a tart\u00f3s vadterhel\u00e9s hat\u00e1s\u00e1ra \u2013 alig \u00e9rik el a 10 m\u00e9tert, ink\u00e1bb cserj\u00e9sed\u0151 form\u00e1ban l\u00e9teznek.<\/p>\n<p>T\u00f6rzse hajlott, szab\u00e1lytalan n\u00f6veked\u00e9s\u0171, r\u00f6vid, \u00e9s hamar, fokozatosan vastag \u00e1gakra bomlik, ez\u00e9rt sem becs\u00fclt\u00e9k az erd\u00e9szek ezt a fafajt hossz\u00fa ideig. Felfel\u00e9 ir\u00e1nyul\u00f3 \u00e1gain\u00e1l gyakori a vill\u00e1s el\u00e1gaz\u00e1s, ami az\u00e9rt k\u00f6vetkezik be, mert az az \u00e9vi hossz\u00fahajt\u00e1s v\u00e9g\u00e9n hozza vir\u00e1gzatait, s \u00edgy csak a p\u00e1rosan \u00e1ll\u00f3 oldal-, illetve h\u00f3naljr\u00fcgyekb\u0151l tud tov\u00e1bb n\u0151ni, vagy az is el\u0151fordulhat, hogy a vegetat\u00edv hajt\u00e1s cs\u00facsr\u00fcgy\u00e9t veszti valamilyen ok (pl. vadr\u00e1g\u00e1s) miatt. A gyakori vill\u00e1s el\u00e1gaz\u00e1s megint nem n\u00f6velte n\u00e9pszer\u0171s\u00e9g\u00e9t az erd\u00e9szk\u00f6r\u00f6kben.<\/p>\n<p>Koron\u00e1ja toj\u00e1sdad alak\u00fa, fiatal korban laza, id\u0151sebb korban bes\u0171r\u0171s\u00f6d\u0151, melynek az a magyar\u00e1zata, hogy a kor el\u0151rehaladt\u00e1val egyre t\u00f6bb r\u00f6vidhajt\u00e1st hoz, illetve a hossz\u00fahajt\u00e1s \u00edzk\u00f6zei egyre r\u00f6videbbek lesznek. Koron\u00e1ja gyakran aszimmetrikus, a faj er\u0151s f\u00e9nyig\u00e9nye miatt a nagyobb megvil\u00e1g\u00edt\u00e1s ir\u00e1ny\u00e1ba n\u0151. K\u00e9rge felt\u0171n\u0151, mely alapj\u00e1n k\u00f6nny\u0171 felismerni, s\u00f6t\u00e9tsz\u00fcrke, sok\u00e1ig sima marad, id\u0151s korban r\u00fccsk\u00f6sen repedezik, esetenk\u00e9nt vil\u00e1gos foltokkal tark\u00edtott is lehet. Gy\u00f6k\u00e9rzete \u2013 r\u00e9szben a term\u0151helyi sz\u00e9ls\u0151s\u00e9gek miatt \u2013 nem hatol m\u00e9lyre, t\u00e1maszt\u00f3gy\u00f6kerei vastagok, a felsz\u00edn k\u00f6zel\u00e9ben s\u0171r\u0171n sz\u00e9t\u00e1gaznak.<\/p>\n<p>Sokszor es\u00fcnk abba a hib\u00e1ba, hogy a nehezen meghat\u00e1rozhat\u00f3 fajokat is egyetlen b\u00e9lyeg alapj\u00e1n pr\u00f3b\u00e1ljuk felismerni, egym\u00e1st\u00f3l elk\u00fcl\u00f6n\u00edteni. \u00cdgy van ez a k\u0151risekn\u00e9l is, ahol a r\u00fcgy sz\u00edn\u00e9re \u00f6sszpontos\u00edtunk.<\/p>\n<p>A vir\u00e1gos k\u0151ris r\u00fcgyei ez\u00fcstsz\u00fcrke sz\u00edn\u0171ek, sokszor v\u00f6rhenyesek, de esetenk\u00e9nt el\u0151fordul \u2013 s ez a megt\u00e9veszt\u0151 \u2013 a halv\u00e1nybarna r\u00fcgysz\u00edn is! A k\u0151risekre jellemz\u0151 p\u00e1ratlanul sz\u00e1rnyalt levelek e fajn\u00e1l 5\u20139, rendszerint 7 lev\u00e9lk\u00e9j\u0171ek, melyek r\u00f6vid nyelecsk\u00e9j\u0171ek. A lev\u00e9lke v\u00e1lla sokszor r\u00e9szar\u00e1nytalan, lemeze kiss\u00e9 b\u0151rszer\u0171, fel\u00fcl f\u00e9nyl\u0151, mely a szubmediterr\u00e1n elterjed\u00e9s\u00e9vel \u00e9s a sz\u00e1razs\u00e1gt\u0171r\u00e9s\u00e9vel hozhat\u00f3 kapcsolatba.<\/p>\n<p>A lev\u00e9lke fon\u00e1ka vil\u00e1gosz\u00f6ld, a f\u0151\u00e9r als\u00f3 szakasza rozsd\u00e1s sz\u0151r\u0171, mely az id\u0151 el\u0151rehaladt\u00e1val le is kophat, s emiatt megint megt\u00e9veszt\u0151 lehet. Jellemz\u0151 viszont a bar\u00e1zd\u00e1lt lev\u00e9lgerinc, amely fels\u0151 r\u00e9sz\u00e9n gyakran t\u00e9rdesen meghajlik. Lombozata \u0151sszel s\u00e1rg\u00e1ra vagy iboly\u00e1sv\u00f6r\u00f6sre sz\u00ednez\u0151dik, a vir\u00e1gos k\u0151ris el\u0151fordul\u00e1sai a t\u00e1jban ilyenkor j\u00f3l kirajzol\u00f3dnak.<\/p>\n<p>De m\u00e1jus els\u0151 fel\u00e9ben is k\u00f6nny\u0171 messzir\u0151l megismerni e fafajt, mivel lombfakad\u00e1s ut\u00e1n 10\u201320 cm hossz\u00fa bug\u00e1ban ny\u00edl\u00f3 vir\u00e1gainak s\u00e1rg\u00e1sfeh\u00e9r p\u00e1rt\u00e1i \u00f6sszet\u00e9veszthetetlenn\u00e9 teszik a vir\u00e1gos k\u0151rist.<\/p>\n<p>Egy\u00e9bk\u00e9nt a n\u00e9gy, sz\u00e1las, 5\u201310 mm hossz\u00fa szirom hamar lehull, a kett\u0151, s\u00e1rg\u00e1s portok\u00fa felt\u0171n\u0151 porz\u00f3 a p\u00e1rta alj\u00e1ra n\u0151. A vir\u00e1gok ivari megoszl\u00e1s\u00e1ra az \u00fan. polig\u00e1mia jellemz\u0151, azaz vannak egyivar\u00fa (porz\u00f3s vagy term\u0151s) \u00e9s k\u00e9tivar\u00fa vir\u00e1gok is. A fiatal egyedeken csak porz\u00f3s vir\u00e1gok vannak, a vir\u00e1gok ivarmegoszl\u00e1sa \u00e9s a magterm\u0151 k\u00e9pess\u00e9g k\u00e9s\u0151bb is egyedenk\u00e9nt v\u00e1ltoz\u00f3. \u00c9desk\u00e9s illat\u00fa vir\u00e1gait \u2013 a t\u00f6bbi haz\u00e1nkban el\u0151fordul\u00f3 k\u0151risfajjal ellent\u00e9tben \u2013 rovarok porozz\u00e1k be. 2\u20133 cm hossz\u00fa, v\u00f6r\u00f6sesbarna lepend\u00e9k term\u00e9se kor\u00e1n, m\u00e1r j\u00falius v\u00e9g\u00e9n \u00e9rik, a t\u00f6bbi k\u0151risfaj\u00e9t\u00f3l \u2013 kis gyakorlattal \u2013 m\u00e1r k\u00f6nnyen elk\u00fcl\u00f6n\u00edthet\u0151.<\/p>\n<h4>Az \u00e9v f\u00e1ja 2018 elterjed\u00e9si ter\u00fclete<\/h4>\n<p>A vir\u00e1gos k\u0151ris elterjed\u00e9si ter\u00fclete Spanyolorsz\u00e1g keleti partvid\u00e9k\u00e9t\u0151l \u00c9szaknyugat-Anat\u00f3li\u00e1ig h\u00faz\u00f3dik, a F\u00f6ldk\u00f6zi-tengeri szigetek \u00e9s f\u00e9lszigetek nagy r\u00e9sz\u00e9n megtal\u00e1ljuk.<\/p>\n<p>Az \u00e9szaki hat\u00e1rt az Alpok d\u00e9li l\u00e1ba, a Magyar K\u00f6z\u00e9phegys\u00e9g \u00e9s az Erd\u00e9lyi-szigethegys\u00e9g adja, ett\u0151l \u00e9szakabbra n\u00e9h\u00e1ny sz\u00f3rv\u00e1ny el\u0151fordul\u00e1sa ismert. Ha a K\u00e1rp\u00e1t-medencei el\u0151fordul\u00e1s \u00e9szaki r\u00e9sz\u00e9t jobban g\u00f3rcs\u0151 al\u00e1 vessz\u00fck, amit <em>Moesz Guszt\u00e1v<\/em> kiv\u00e1l\u00f3 botanikusunk \u00e9s mikol\u00f3gusunk meg is tett a m\u00falt sz\u00e1zad elej\u00e9n, akkor azt vessz\u00fck \u00e9szre, hogy t\u00f6bb m\u00e1s d\u00e9lies elterjed\u00e9s\u0171, szubmediterr\u00e1n s\u00falypont\u00fa n\u00f6v\u00e9nyfajjal egy\u00fctt a vir\u00e1gos k\u0151ris egy j\u00f3l megh\u00fazhat\u00f3 vonalig (pontosabban s\u00e1vig) terjed.<\/p>\n<p>Ezt a felismer\u0151j\u00e9r\u0151l Moesz-vonalnak nevezt\u00e9k el, ami a mai Magyarorsz\u00e1gt\u00f3l \u00e9szakra, az \u00c9szaki-K\u00e1rp\u00e1tok d\u00e9li l\u00e1b\u00e1n\u00e1l h\u00faz\u00f3dik. T\u00f6bbek k\u00f6z\u00f6tt id\u00e1ig jut el a molyhos t\u00f6lgy, a csert\u00f6lgy, a sajmeggy, a csersz\u00f6m\u00f6rce is, s eddig a vonalig termeszthet\u0151 a borterm\u0151 sz\u0151l\u0151, a szel\u00eddgesztenye, a kir\u00e1lydi\u00f3, az \u0151szibarack, a h\u00e1zi berkenye, a mandula, vagy a doh\u00e1ny.<\/p>\n<p>A d\u00e9lkelet-eur\u00f3pai karszterd\u0151k jellemz\u0151 faja, ahol f\u0151k\u00e9nt a molyhos t\u00f6lggyel, magyar t\u00f6lggyel, csert\u00f6lggyel, karmazsint\u00f6lggyel, magyalt\u00f6lggyel, koml\u00f3gyerty\u00e1nnal \u00e9s keleti gyerty\u00e1nnal elegyedik.<strong><br \/>\n<\/strong><\/p>\n<h4>A Vir\u00e1gos k\u0151ris el\u0151fordul\u00e1sa<\/h4>\n<p>A vir\u00e1gos k\u0151ris n\u00e1lunk a dombvid\u00e9kek, s m\u00e9g ink\u00e1bb a k\u00f6z\u00e9phegys\u00e9gek fafaja. A s\u00edk vid\u00e9keket elker\u00fcli, mert az alf\u00f6ldi kontinent\u00e1lis kl\u00edma sz\u00e9ls\u0151s\u00e9geit \u2013 mik\u00e9nt a cser sem! \u2013 nem kedveli. Haz\u00e1nkban D\u00e9l-Dun\u00e1nt\u00falon a Kapost\u00f3l \u00e9s a Si\u00f3t\u00f3l d\u00e9lre gyakori faj, de a laza alapk\u0151zet\u0171 (f\u0151leg l\u00f6sz alkotta) t\u00e1jakon visszaszor\u00edt\u00e1sa l\u00e1tv\u00e1nyos (pl. a Balaton \u00e9s a Kapos k\u00f6z\u00f6tt).<\/p>\n<p>A szubmediterr\u00e1n kl\u00edmahat\u00e1s alatt \u00e1ll\u00f3 Dun\u00e1nt\u00fali-k\u00f6z\u00e9phegys\u00e9gben szint\u00e9n gyakori, de az \u00c9szaki-k\u00f6z\u00e9phegys\u00e9gben az er\u0151s\u00f6d\u0151 kontinent\u00e1lis kl\u00edmahat\u00e1s miatt term\u00e9szetes \u00faton csak a B\u00fckk-hegys\u00e9gig jutott el, itt \u00e9s ett\u0151l keletre csak \u00fcltetett \u00e9s elvadult p\u00e9ld\u00e1nyaival lehet tal\u00e1lkozni. \u00dagyszint\u00e9n hasonl\u00f3 megjelen\u00e9s\u0171 a Soproni-dombvid\u00e9ken is.<\/p>\n<p>Mivel melegig\u00e9nyes faj, ez\u00e9rt az elterjed\u00e9si ter\u00fclet \u00e9szaki r\u00e9sz\u00e9n \u2013 \u00edgy haz\u00e1nkban is \u2013 els\u0151sorban d\u00e9lies kitetts\u00e9gben, k\u00f6nnyen felmeleged\u0151 talajokon tal\u00e1ljuk. N\u00e1lunk f\u0151k\u00e9nt m\u00e9szk\u0151 \u00e9s dolomit alapk\u0151zeten jelenik meg, ritk\u00e1bban andeziten, bazalton, l\u00f6sz\u00f6n \u00e9s m\u00e1rg\u00e1n is felfedezhetj\u00fck.<\/p>\n<p>Itt, K\u00f6z\u00e9p-Eur\u00f3pa d\u00e9li fel\u00e9ben, a nagy h\u0151ig\u00e9nye k\u00f6ti els\u0151sorban a m\u00e9szk\u0151h\u00f6z \u00e9s a dolomithoz, D\u00e9l-Eur\u00f3p\u00e1ban viszont szilik\u00e1tos alapk\u0151zeten kialakult talajokon is gyakori. (Ugyanez a jelens\u00e9g a feketefeny\u0151 eset\u00e9ben is szembet\u0171n\u0151!) A h\u0151ig\u00e9ny\u00e9nek tudhat\u00f3 be az is, hogy a hegys\u00e9gekben magasra nem emelkedik, ami <em>Fekete Lajos<\/em> \u00e9s <em>Blattny Tibor<\/em> 1913-ban megjelent kiv\u00e1l\u00f3 munk\u00e1j\u00e1b\u00f3l <em>(Az erd\u00e9szeti jelent\u0151s\u00e9g\u0171 f\u00e1k \u00e9s cserj\u00e9k elterjed\u00e9se a Magyar \u00c1llam ter\u00fclet\u00e9n I-II.)<\/em> j\u00f3l kiolvashat\u00f3 (1. t\u00e1bl\u00e1zat).<\/p>\n<p>1. t\u00e1bl\u00e1zat. <em>A vir\u00e1gos k\u0151ris vertik\u00e1lis megjelen\u00e9se a K\u00e1rp\u00e1t-medenc\u00e9ben<\/em><\/p>\n<div align=\"center\">\n<table border=\"1\" cellspacing=\"0\" cellpadding=\"0\">\n<tbody>\n<tr>\n<td width=\"262\">\n<p align=\"center\"><strong>Nagyt\u00e1j<\/strong><\/p>\n<\/td>\n<td valign=\"top\" width=\"203\">\n<p align=\"center\"><strong>Vertik\u00e1lis megjelen\u00e9s fels\u0151 hat\u00e1ra (m)<\/strong><\/p>\n<\/td>\n<\/tr>\n<tr>\n<td valign=\"top\" width=\"262\">D\u00e9lmagyarorsz\u00e1gi hegyvid\u00e9k (Aldunai-hegyek, Krass\u00f3\u2013Sz\u00f6r\u00e9nyi-hegyek)<\/td>\n<td valign=\"top\" width=\"203\">\n<p align=\"center\">740<\/p>\n<\/td>\n<\/tr>\n<tr>\n<td valign=\"top\" width=\"262\">Erd\u00e9lyi-szigethegys\u00e9g<\/td>\n<td valign=\"top\" width=\"203\">\n<p align=\"center\">500<\/p>\n<\/td>\n<\/tr>\n<tr>\n<td valign=\"top\" width=\"262\">Magyar K\u00f6z\u00e9phegys\u00e9g<\/td>\n<td valign=\"top\" width=\"203\">\n<p align=\"center\">560<\/p>\n<\/td>\n<\/tr>\n<tr>\n<td valign=\"top\" width=\"262\">Dr\u00e1va \u00e9s Sz\u00e1va k\u00f6zti szigethegyek<\/td>\n<td valign=\"top\" width=\"203\">\n<p align=\"center\">550<\/p>\n<\/td>\n<\/tr>\n<\/tbody>\n<\/table>\n<\/div>\n<h4>A 2018-as \u00e9v f\u00e1ja \u00e9l\u0151helye<\/h4>\n<p>\u00c9l\u0151helyein val\u00f3 el\u0151fordul\u00e1s\u00e1t vagy hi\u00e1ny\u00e1t, \u00e9s gyakoris\u00e1g\u00e1t haz\u00e1nkban jelent\u0151sen befoly\u00e1solj\u00e1k a kor\u00e1bbi \u00e9vsz\u00e1zadok t\u00e1jhaszn\u00e1latai, tov\u00e1bb\u00e1 tart\u00f3san negat\u00edv erd\u00e9szeti meg\u00edt\u00e9l\u00e9se.<\/p>\n<p>Szakmai k\u00f6r\u00f6kben a <em>bokorerd\u0151k<\/em> fafaj\u00e1nak tartj\u00e1k a molyhos t\u00f6lggyel egy\u00fctt, a kor\u00e1bbi legeltet\u00e9st\u0151l vagy a fenyves\u00edt\u00e9st\u0151l megmaradt \u00e1llom\u00e1nyok m\u00e9szk\u00f6v\u00f6n, dolomiton, andeziten, bazalton egyar\u00e1nt el\u0151fordulnak, s az egyik legfajgazdagabb \u00e9letk\u00f6z\u00f6ss\u00e9g\u00fcnknek sz\u00e1m\u00edtanak. (<em>Megjegyzend\u0151, hogy az erd\u00e9sz szakzsargonban meghonosodott karsztbokored\u0151 nem szerencs\u00e9s kifejez\u00e9s, mert csak a m\u00e9szk\u0151 bizonyos t\u00edpusai k\u00e9pesek karsztosodni, a t\u00f6bbi k\u0151zett\u00edpus nem!<\/em>)<\/p>\n<p>M\u00e1sik fontos \u00e9l\u0151helye a <em>m\u00e9sz- \u00e9s melegkedvel\u0151 t\u00f6lgyesek<\/em>, melyekben val\u00f3 el\u0151fordul\u00e1s\u00e1ra kor\u00e1bban m\u00e1r gyanakv\u00e1ssal tekintett a szakma, mivel a t\u00f6lgyek t\u00e9rfoglal\u00e1s\u00e1t f\u00e9ltette t\u0151le. Az egy\u00e9b, f\u0151leg f\u00e9lsz\u00e1raz \u00e9s \u00fcde v\u00edzgazd\u00e1lkod\u00e1si fok\u00fa term\u0151helyeken l\u00e9v\u0151 erd\u0151t\u00e1rsul\u00e1sokban (pl. cseres-kocs\u00e1nytalan t\u00f6lgyesek, gyerty\u00e1nos-kocs\u00e1nytalan t\u00f6lgyesek, b\u00fckk\u00f6s\u00f6k) egy\u00e9rtelm\u0171en a sz\u00e1m\u0171zend\u0151 fafajok k\u00f6z\u00e9 tartozott, amelynek napjainkra meg is lett az eredm\u00e9nye.<\/p>\n<p>M\u00e9g egy k\u00fcl\u00f6nleges \u00e9l\u0151helyre kell a figyelmet felh\u00edvni, \u00e9spedig a Dun\u00e1nt\u00fali-k\u00f6z\u00e9phegys\u00e9g <em>b\u00fckk\u00f6s sziklaerd\u0151<\/em>j\u00e9re. Ezekben az \u00e9szakias kitetts\u00e9g\u0171, dolomitb\u00f6rc\u00f6k\u00f6n \u00e1ll\u00f3 \u00e1llom\u00e1nyokban a vir\u00e1gos k\u0151ris egy\u00fctt fordul el\u0151 a b\u00fckkel, s a k\u00e9t fafaj tart\u00f3san megmarad egym\u00e1s mellett. Ennek magyar\u00e1zata az, hogy az utols\u00f3 j\u00e9gkorszak ut\u00e1ni mogyor\u00f3 \u00e9s t\u00f6lgy korban a vir\u00e1gos k\u0151ris uralta ezeket a term\u0151helyeket, majd a b\u00fckk I. korban maga a b\u00fckk fafaj is meg\u00e9rkezett ide, de mivel \u00f6kol\u00f3giai tekintetben hat\u00e1rhelyzetben van, ez\u00e9rt nem tudta kiszor\u00edtani, ki\u00e1rnyalni a f\u00e9nyig\u00e9nyes \u00e9s kev\u00e9sb\u00e9 j\u00f3 versenyk\u00e9pess\u00e9g\u0171 vir\u00e1gos k\u0151rist.<\/p>\n<p>Megeml\u00edtend\u0151, hogy k\u00fcl\u00f6n\u00f6sen a bokorerd\u0151k, m\u00e9sz- \u00e9s melegkedvel\u0151 t\u00f6lgyesek hely\u00e9re kor\u00e1bban kiterjedten \u00fcltetett kult\u00far feketefenyvesek \u00e9s kisebb m\u00e9rt\u00e9kben kult\u00far erdeifenyvesek \u00e1llom\u00e1nyaiba \u2013 a nemk\u00edv\u00e1natoss\u00e1g ellen\u00e9re \u2013 igyekezett visszasziv\u00e1rogni a vir\u00e1gos k\u0151ris, mivel a k\u00e9t eml\u00edtett feny\u0151faj koron\u00e1ja a korral egyre jobban lazul, s \u00e1llom\u00e1nyaik egyre alacsonyabb z\u00e1r\u00f3d\u00e1s\u00faak lesznek, \u00edgy t\u00f6bb f\u00e9nyt engednek be, amely kedvez e f\u00e9nyig\u00e9nyes fajnak. A Keszthelyi-hegys\u00e9gben \u00e9s a Balaton-felvid\u00e9ken az ut\u00f3bbi id\u0151szakban tapasztalhat\u00f3 l\u00e1tv\u00e1nyos feny\u0151pusztul\u00e1s miatt a vir\u00e1gos k\u0151ris \u00f6kol\u00f3giai szerepe mindenk\u00e9ppen fel\u00e9rt\u00e9kelend\u0151.<\/p>\n<h4>A Vir\u00e1gos k\u0151ris v\u00e1ltozatoss\u00e1ga<\/h4>\n<p>A <em>Fraxinus<\/em> nemzets\u00e9gbe jelenleg 43 fajt sorolnak, amelyek az \u00e9szaki f\u00e9lteke m\u00e9rs\u00e9kelt \u00f6vi \u00e9s szubtr\u00f3pusi ter\u00fcletein \u00e9lnek. Az \u0151sibb b\u00e9lyegeket (pl. p\u00e1rta megl\u00e9te, rovarbeporz\u00e1s, v\u00e9g\u00e1ll\u00f3 vir\u00e1gzat) mutat\u00f3 <em>Ornus<\/em> szekci\u00f3ba 15 faj tartozik, amelyek a vir\u00e1gos k\u0151ris kiv\u00e9tel\u00e9vel Kelet-\u00c1zsi\u00e1ban \u00e9lnek.<\/p>\n<p>A vir\u00e1gos k\u0151ris eset\u00e9ben er\u0151s fajon bel\u00fcli v\u00e1ltozatoss\u00e1got lehet tapasztalni, amely elt\u00e9r\u00e9sek els\u0151sorban a lev\u00e9lk\u00e9k alakj\u00e1ban, nagys\u00e1g\u00e1ban, sz\u00e1m\u00e1ban, a vir\u00e1gzat \u00e9s a term\u00e9s alakj\u00e1ban jelentkeznek. Emiatt enn\u00e9l a fajn\u00e1l sz\u00e1mos v\u00e1ltozatot \u00e9s alakot \u00edrtak le a kor\u00e1bbi kutat\u00f3k.<\/p>\n<p>Ez azonban megt\u00e9veszt\u0151, mert ugyanazon egyed eset\u00e9ben r\u00e9szben a korral is v\u00e1ltozhat a levelek saj\u00e1toss\u00e1ga, r\u00e9szben elt\u00e9r\u0151 tulajdons\u00e1g\u00fa leveleket tal\u00e1lunk ugyanabban az id\u0151pontban a generat\u00edv \u00e9s a vegetat\u00edv hajt\u00e1sokon. Pl. a generat\u00edv hajt\u00e1son vagy az id\u0151sebb egyedeken l\u00e9v\u0151 levelek lev\u00e9lk\u00e9i keskenyebbek, a vegetat\u00edv\u00e9 vagy a fiatalabb egyedek\u00e9 sz\u00e9lesebbek.<\/p>\n<p>Kult\u00farv\u00e1ltozatai k\u00f6z\u00fcl nagy n\u00e9pszer\u0171s\u00e9gnek \u00f6rvend az 1970-ben szelekt\u00e1lt \u2019<em>Mecsek<\/em>\u2019, amely koron\u00e1ja g\u00f6mb\u00f6lyded, majd id\u0151vel kiss\u00e9 lap\u00edtott lesz. Kiv\u00e1l\u00f3 v\u00e1rost\u0171r\u00e9se folyt\u00e1n egyre gyakrabban alkalmazz\u00e1k, a g\u00f6mbak\u00e1c helyettes\u00edt\u00e9s\u00e9re is alkalmas. A hull\u00e1mosan g\u00f6rb\u00fclt \u00e1g- \u00e9s gallyrendszer\u0171 \u2019<em>Laokoon<\/em>\u2019 2000-ben ker\u00fclt be a fajtaszortimentbe, m\u00edg az egyenes t\u00f6rzs\u0171, \u00e1tmen\u0151 sudar\u00fa, szab\u00e1lyos koron\u00e1j\u00fa, utcaf\u00e1s\u00edt\u00e1sra alkalmas, 2007-ben szelekt\u00e1lt \u2019<em>Pilis<\/em>\u2019 t\u00e9rh\u00f3d\u00edt\u00e1sa is v\u00e1rhat\u00f3 a j\u00f6v\u0151ben.<\/p>\n<p>V\u00e1rost\u0171r\u00e9s\u00e9vel, gazdag vir\u00e1gz\u00e1s\u00e1val \u00e9s sz\u00e9p \u0151szi lombsz\u00ednez\u0151d\u00e9s\u00e9vel a vir\u00e1gos k\u0151ris egyre fontosabb parkfa lesz.<\/p>\n<p>&nbsp;<\/p>\n<p>A bejegyz\u00e9s alapja: http:\/\/www.azevfaja.hu\/2018\/botan_jellemzes<\/p>\n<div class=\"inpostadsfull\"><div style=\"margin:10px auto;text-align:center;\"><script async src=\"\/\/pagead2.googlesyndication.com\/pagead\/js\/adsbygoogle.js\"><\/script><!-- Dzs-recept-1 --><ins class=\"adsbygoogle\"     style=\"display:inline-block;width:728px;height:90px\"     data-ad-client=\"ca-pub-5246420517641697\"     data-ad-slot=\"3352945761\"><\/ins><script>(adsbygoogle = window.adsbygoogle || []).push({});<\/script><\/div><\/div>","protected":false},"excerpt":{"rendered":"<p>2018-ban az \u00e9v f\u00e1ja a Vir\u00e1gos k\u0151ris Domb- \u00e9s hegyvid\u00e9keink kev\u00e9sb\u00e9 becs\u00fclt fafaja, pedig a meleged\u0151 \u00e9ghajlatunk miatt a j\u00f6v\u0151ben nagyobb \u00f6kol\u00f3giai jelent\u0151s\u00e9ge is lehet. \u00a0 Prof. dr. Bartha D\u00e9nes &#8211; A vir\u00e1gos k\u0151ris (Fraxinus ornus) botanikai jellemz\u00e9se Tudom\u00e1nyos nemzets\u00e9gneve, a Fraxinus a k\u00f6znyelvi latinban m\u00e1r ezt a nemzets\u00e9get, pontosabban a magas k\u0151rist \u00e9s a [&hellip;]<\/p>\n","protected":false},"author":1,"featured_media":696,"comment_status":"closed","ping_status":"closed","sticky":false,"template":"","format":"standard","meta":{"footnotes":""},"categories":[1],"tags":[327,163,257,256],"_links":{"self":[{"href":"http:\/\/www.dzs-z.hu\/tura\/wp-json\/wp\/v2\/posts\/695"}],"collection":[{"href":"http:\/\/www.dzs-z.hu\/tura\/wp-json\/wp\/v2\/posts"}],"about":[{"href":"http:\/\/www.dzs-z.hu\/tura\/wp-json\/wp\/v2\/types\/post"}],"author":[{"embeddable":true,"href":"http:\/\/www.dzs-z.hu\/tura\/wp-json\/wp\/v2\/users\/1"}],"replies":[{"embeddable":true,"href":"http:\/\/www.dzs-z.hu\/tura\/wp-json\/wp\/v2\/comments?post=695"}],"version-history":[{"count":1,"href":"http:\/\/www.dzs-z.hu\/tura\/wp-json\/wp\/v2\/posts\/695\/revisions"}],"predecessor-version":[{"id":697,"href":"http:\/\/www.dzs-z.hu\/tura\/wp-json\/wp\/v2\/posts\/695\/revisions\/697"}],"wp:featuredmedia":[{"embeddable":true,"href":"http:\/\/www.dzs-z.hu\/tura\/wp-json\/wp\/v2\/media\/696"}],"wp:attachment":[{"href":"http:\/\/www.dzs-z.hu\/tura\/wp-json\/wp\/v2\/media?parent=695"}],"wp:term":[{"taxonomy":"category","embeddable":true,"href":"http:\/\/www.dzs-z.hu\/tura\/wp-json\/wp\/v2\/categories?post=695"},{"taxonomy":"post_tag","embeddable":true,"href":"http:\/\/www.dzs-z.hu\/tura\/wp-json\/wp\/v2\/tags?post=695"}],"curies":[{"name":"wp","href":"https:\/\/api.w.org\/{rel}","templated":true}]}}