{"id":72,"date":"2006-07-14T18:48:26","date_gmt":"2006-07-14T18:48:26","guid":{"rendered":"http:\/\/www.dzs-z.hu\/tura\/?p=72"},"modified":"2017-04-01T12:20:40","modified_gmt":"2017-04-01T12:20:40","slug":"garadna-hermann-otto-emlekpark-2006-07-14","status":"publish","type":"post","link":"http:\/\/www.dzs-z.hu\/tura\/bukk\/garadna-hermann-otto-emlekpark-2006-07-14","title":{"rendered":"Garadna &#8211; Hermann Ott\u00f3 eml\u00e9kpark 2006-07-14"},"content":{"rendered":"<div class=\"brcs\">\u2217 <a title=\"T\u00fara le\u00edr\u00e1sok, ismertet\u00fak dzs-z t\u00fara k\u00e9pei\" href=\"\/tura\">T\u00fara<\/a> \u00bb <a title=\"Dzs-z t\u00fara le\u00edr\u00e1sok a B\u00fckk-hegys\u00e9gbeli t\u00fara le\u00edr\u00e1s \" href=\"\/tura\/bukk\">B\u00fckk-hegys\u00e9g<\/a> \u00bb <a title=\"Garadna \u2013 Hermann Ott\u00f3 eml\u00e9kpark 2006-07-14\" href=\"http:\/\/www.dzs-z.hu\/tura\/egyeb\/garadna-hermann-otto-emlekpark-2006-07-14\">Garadna &#8211; Hermann Ott\u00f3 eml\u00e9kpark t\u00fara<\/a><\/div>\n<h2>Garadna &#8211; Hermann Ott\u00f3 eml\u00e9kpark 2006.07.14<\/h2>\n<p><b>A t\u00fara \u00fatvonala: <\/b><br \/>\nGaradna <a class=\"nolink\" title=\"K\u00e9k kereszt turista jelz\u00e9s\" href=\"\/tura\/turistajelzes\"><img decoding=\"async\" class=\"turistajelzeskep\" src=\"\/images\/tura\/jelzesek\/keker1.gif\" alt=\"K\u00e9k kereszt turista jelz\u00e9s\" \/><\/a> &#8211; Piszr\u00e1ngtelep <a class=\"nolink\" title=\"Piros kereszt turista jelz\u00e9s\" href=\"\/tura\/turistajelzes\"><img decoding=\"async\" class=\"turistajelzeskep\" src=\"\/images\/tura\/jelzesek\/piker1.gif\" alt=\"Piros kereszt turista jelz\u00e9s\" \/><\/a> &#8211; Lendeczky-pihen\u0151 &#8211; Cs\u00f3k\u00e1s <a class=\"nolink\" title=\"Piros s\u00e1v turista jelz\u00e9s\" href=\"\/tura\/turistajelzes\"><img decoding=\"async\" class=\"turistajelzeskep\" src=\"\/images\/tura\/jelzesek\/pisav1.gif\" alt=\"Piros s\u00e1v turista jelz\u00e9s\" \/><\/a> &#8211; Lencs\u00e9s-nyereg <a class=\"nolink\" title=\"Z\u00f6ld s\u00e1v turista jelz\u00e9s\" href=\"\/tura\/turistajelzes\"><img decoding=\"async\" class=\"turistajelzeskep\" src=\"\/images\/tura\/jelzesek\/zosav1.gif\" alt=\"Z\u00f6ld s\u00e1v turista jelz\u00e9s\" \/><\/a> &#8211; Lencs\u00e9s-forr\u00e1s &#8211; Lencs\u00e9s-nyereg <a class=\"nolink\" title=\"Piros s\u00e1v turista jelz\u00e9s\" href=\"\/tura\/turistajelzes\"><img decoding=\"async\" class=\"turistajelzeskep\" src=\"\/images\/tura\/jelzesek\/pisav1.gif\" alt=\"Piros s\u00e1v turista jelz\u00e9s\" \/><\/a> &#8211; Szinva-tan\u00f6sv\u00e9ny <a class=\"nolink\" title=\"Piros s\u00e1v turista jelz\u00e9s\" href=\"\/tura\/turistajelzes\"><img decoding=\"async\" class=\"turistajelzeskep\" src=\"\/images\/tura\/jelzesek\/pisav1.gif\" alt=\"Piros s\u00e1v turista jelz\u00e9s\" \/><\/a> <a class=\"nolink\" title=\"Piros n\u00e9gysz\u00f6g turista jelz\u00e9s\" href=\"\/tura\/turistajelzes\"><img decoding=\"async\" class=\"turistajelzeskep\" src=\"\/images\/tura\/jelzesek\/pihaz1.gif\" alt=\"Piros n\u00e9gysz\u00f6g turista jelz\u00e9s\" \/><\/a> &#8211; Dolka-tet\u0151 <a class=\"nolink\" title=\"Piros s\u00e1v turista jelz\u00e9s\" href=\"\/tura\/turistajelzes\"><img decoding=\"async\" class=\"turistajelzeskep\" src=\"\/images\/tura\/jelzesek\/pisav1.gif\" alt=\"Piros s\u00e1v turista jelz\u00e9s\" \/><\/a> &#8211; Moln\u00e1r-szikla &#8211; Hermann Ott\u00f3 eml\u00e9kpark<\/p>\n<p>2006.07.14-\u00e9n Miskolcra utaztunk, majd onnan kisvas\u00fattal kiment\u00fcnk Garadn\u00e1ra \u00e9s onnan s\u00e9t\u00e1ltunk vissza Miskolcra.<\/p>\n<div class=\"thumb_wrapper margin_r20\" style=\"float: left;\"><a title=\"Miskolc kisvat\u00fat eligaz\u00edt\u00f3 t\u00e1bla\" href=\"\/kepinfo\/63\/3916\/index.html\"><img decoding=\"async\" loading=\"lazy\" class=\"alignleft\" src=\"\/modules\/kepmutat.php?dir=63&amp;kep=3916\" alt=\"Miskolc kisvat\u00fat eligaz\u00edt\u00f3 t\u00e1bla\" width=\"198\" height=\"146\" align=\"left\" \/><\/a><\/div>\n<p>Egy sz\u00e9p napon Miskolcra utaztunk. Ott a Garadn\u00e1ra tart\u00f3 kisvas\u00fat v\u00e9g\u00e1llom\u00e1s\u00e1hoz ment\u00fcnk. A kisvas\u00fattal felment\u00fcnk a v\u00e9g\u00e1llom\u00e1sig, \u00e9s onnan indultunk vissza a v\u00e1rosba.<br \/>\nAhogy eml\u00e9kszem a kisvas\u00fat k\u00f6zel egy \u00f3ra alatt \u00e9r fel Garadn\u00e1ra, nagyon sz\u00e9p a t\u00e1j\u00fatk\u00f6zben. Sok a l\u00e1tnival\u00f3, \u00e9s j\u00f3l sz\u00e9t lehet n\u00e9zni a<br \/>\nvagonokb\u00f3l. A kisvas\u00fat meg\u00e1ll Majl\u00e1thn\u00e1l, a Pap\u00edrgy\u00e1rn\u00e1l, H\u00e1morn\u00e1l (Puskaporos meg\u00e1ll\u00f3), Lillaf\u00fcreden, az \u0150skoh\u00f3n\u00e1l, K\u00f6z\u00e9p-Garadn\u00e1n\u00e1l \u00e9s Garadn\u00e1n a v\u00e9g\u00e1llom\u00e1son.<\/p>\n<div class=\"thumb_wrapper margin_r20\" style=\"float: right;\"><a title=\"Karanyog a kistvas\u00fat\" href=\"\/kepinfo\/63\/3954\/index.html\"><img decoding=\"async\" loading=\"lazy\" class=\"alignright\" src=\"\/modules\/kepmutat.php?dir=63&amp;kep=3954\" alt=\"Karanyog a kistvas\u00fat\" width=\"198\" height=\"146\" align=\"right\" \/><\/a><\/div>\n<p>Nagyon sz\u00e9p ter\u00fcleten halad felfel\u00e9 a kisvas\u00fat. Az erd\u0151ben a domboldalon kanyarog az \u00fat.<br \/>\nN\u00e9hol a f\u00e1k k\u00f6z\u00f6tt az alattunk l\u00e9v\u0151 v\u00f6lgyre, vagy \u00e9pp a k\u00f6zelben fut\u00f3 utat pillanthatjuk meg.<br \/>\nKihaszn\u00e1ltuk a csendes sz\u00e9p utat, \u00e9s a vagonban bekent\u00fck magunk kulacs riaszt\u00f3val, ami az utunk v\u00e9g\u00e9ig sz\u00e9pen fel is sz\u00edv\u00f3dott.<br \/>\nAz utasok egy r\u00e9sze csak a Lillaf\u00fcred \u00e1llom\u00e1sig j\u00f6ttek, amely a Palota Sz\u00e1ll\u00f3 k\u00f6zel\u00e9ben tal\u00e1lhat\u00f3.<br \/>\nItt p\u00e1ran m\u00e9g csatlakoztak a szerelv\u00e9ny\u00fcnkh\u00f6z, \u00e9s p\u00e1r perc m\u00falva haladtunk tov\u00e1bb Garadna fel\u00e9.<br \/>\nA csod\u00e1latos H\u00e1mori-t\u00f3 partj\u00e1n vezet tov\u00e1bb a kisvas\u00fat \u00fatvonala. Nagyon sz\u00e9p a kil\u00e1t\u00e1s erre a csod\u00e1s t\u00f3ra is.<\/p>\n<div class=\"thumb_wrapper margin_r20\" style=\"float: left;\"><a title=\"A H\u00e1rmori-t\u00f3 Lillaf\u00fcreden\" href=\"\/kepinfo\/63\/3960\/index.html\"><img decoding=\"async\" loading=\"lazy\" class=\"alignleft\" src=\"\/modules\/kepmutat.php?dir=63&amp;kep=3960\" alt=\"A H\u00e1rmori-t\u00f3 Lillaf\u00fcreden\" width=\"198\" height=\"146\" align=\"left\" \/><\/a><\/div>\n<p>A tavat elhagyva az \u00dajmassai vagy \u00d3massai \u0150skoh\u00f3hoz \u00e9rt\u00fcnk, itt van kialak\u00edtva egy meg\u00e1ll\u00f3 a kisvas\u00fatnak.<br \/>\nMost kev\u00e9s utas sz\u00e1llt le, illetve fel, \u00edgy tov\u00e1bb is indultunk a K\u00f6z\u00e9p-Garadnai, majd a Garadnai v\u00e9g\u00e1llom\u00e1sunk fel\u00e9.<br \/>\nA Garadna-v\u00f6lgy ment\u00e9n \u00e9s \u00edgy a Garadna-patak partj\u00e1n haladva az \u0150skoh\u00f3 mellett a Margit-forr\u00e1s, az erd\u00e9szeti lerakat, \u00e9s a pisztr\u00e1ngos tavak is k\u00fcl\u00f6nleges l\u00e1tv\u00e1nyt ny\u00fajthatnak az idel\u00e1togat\u00f3k sz\u00e1m\u00e1ra.<br \/>\nLassan meg is \u00e9rkezt\u00fcnk a v\u00e9g\u00e1llom\u00e1sra, a gyalogos t\u00far\u00e1nk kiindul\u00f3 pontj\u00e1hoz.<br \/>\nA kellemes id\u0151 miatt csak itt d\u00f6nt\u00f6tt\u00fck el hogy merre vessz\u00fck az ir\u00e1nyt, \u00e9s az \u00fatra kimenve a <a class=\"nolink\" title=\"K\u00e9k kereszt turista jelz\u00e9s\" href=\"\/tura\/turistajelzes\"><img decoding=\"async\" class=\"turistajelzeskep\" src=\"\/images\/tura\/jelzesek\/keker1.gif\" alt=\"K\u00e9k kereszt turista jelz\u00e9s\" \/><\/a> jelz\u00e9st k\u00f6vetve indultunk el a Pisztr\u00e1ngtelep ir\u00e1ny\u00e1ba.<\/p>\n<div class=\"thumb_wrapper margin_r20\" style=\"float: right;\"><a title=\"\u00d3mass\u00e1ra vezet\u0151 \u00fat\" href=\"\/kepinfo\/63\/3915\/index.html\"><img decoding=\"async\" loading=\"lazy\" class=\"alignright\" src=\"\/modules\/kepmutat.php?dir=63&amp;kep=3915\" alt=\"\u00d3mass\u00e1ra vezet\u0151 \u00fat\" width=\"198\" height=\"146\" align=\"right\" \/><\/a><\/div>\n<p>A <a class=\"nolink\" title=\"K\u00e9k kereszt turista jelz\u00e9s\" href=\"\/tura\/turistajelzes\"><img decoding=\"async\" class=\"turistajelzeskep\" src=\"\/images\/tura\/jelzesek\/keker1.gif\" alt=\"K\u00e9k kereszt turista jelz\u00e9s\" \/><\/a> jelz\u00e9s az \u00d3mass\u00e1ra vezet\u0151 \u00faton halad. Innen sajnos nem tal\u00e1ltuk meg a k\u00f6zelben indul\u00f3 <a class=\"nolink\" title=\"K\u00e9k O :: forr\u00e1s turista jelz\u00e9s\" href=\"\/tura\/turistajelzes\"><img decoding=\"async\" class=\"turistajelzeskep\" src=\"\/images\/tura\/jelzesek\/kefor1.gif\" alt=\"K\u00e9k O :: forr\u00e1s turista jelz\u00e9s\" \/><\/a> jelz\u00e9st, amely a Pisztr\u00e1ng tan\u00f6sv\u00e9ny nevet kapta. Ezt nem is nagyon er\u0151ltett\u00fck, hanem ment\u00fcnk a Pisztr\u00e1ngtelep fel\u00e9.<br \/>\nItt a tavak mellett, ha j\u00f3l eml\u00e9kszem egy buszmeg\u00e1ll\u00f3 k\u00f6zel\u00e9ben balra indult a <a class=\"nolink\" title=\"Piros kereszt turista jelz\u00e9s\" href=\"\/tura\/turistajelzes\"><img decoding=\"async\" class=\"turistajelzeskep\" src=\"\/images\/tura\/jelzesek\/piker1.gif\" alt=\"Piros kereszt turista jelz\u00e9s\" \/><\/a>turista jelz\u00e9s, amelyen megindultunk kicsit a domb ir\u00e1ny\u00e1ba.<br \/>\nA H\u00e1rs-k\u00fat \u00e9s a Ledeczky-pihen\u0151 p\u00e1r sz\u00e1z m\u00e9ter ut\u00e1n el\u00e9nk is ker\u00fclt, b\u00e1r n\u00e9h\u00e1ny bed\u0151lt fa \u00e9s a kiss\u00e9 megduzzadt patak miatt nem volt egyszer\u0171 a megk\u00f6zel\u00edt\u00e9se.<\/p>\n<div class=\"thumb_wrapper margin_r20\" style=\"float: left;\"><a title=\"H\u00e1rsk\u00fat forr\u00e1s\" href=\"\/kepinfo\/63\/3897\/index.html\"><img decoding=\"async\" loading=\"lazy\" class=\"alignleft\" src=\"\/modules\/kepmutat.php?dir=63&amp;kep=3897\" alt=\"H\u00e1rsk\u00fat forr\u00e1s\" width=\"198\" height=\"146\" align=\"left\" \/><\/a><\/div>\n<p>A forr\u00e1s viz\u00e9b\u0151l fogyasztottunk egy kicsit, majd megindultunk az ebben az id\u0151ben rendesen embert pr\u00f3b\u00e1l\u00f3 turista \u00f6sv\u00e9nyen a Cs\u00f3k\u00e1s tetej\u00e9re.<br \/>\nFel\u00e9rve az \u00fathoz, a <a class=\"nolink\" title=\"Piros s\u00e1v turista jelz\u00e9s\" href=\"\/tura\/turistajelzes\"><img decoding=\"async\" class=\"turistajelzeskep\" src=\"\/images\/tura\/jelzesek\/pisav1.gif\" alt=\"Piros s\u00e1v turista jelz\u00e9s\" \/><\/a> \u00e9s <a class=\"nolink\" title=\"Piros kereszt turista jelz\u00e9s\" href=\"\/tura\/turistajelzes\"><img decoding=\"async\" class=\"turistajelzeskep\" src=\"\/images\/tura\/jelzesek\/piker1.gif\" alt=\"Piros kereszt turista jelz\u00e9s\" \/><\/a> jelz\u00e9sek tal\u00e1lkoz\u00e1s\u00e1n\u00e1l, mi \u00e1tt\u00e9rt\u00fcnk a <a class=\"nolink\" title=\"Piros s\u00e1v turista jelz\u00e9s\" href=\"\/tura\/turistajelzes\"><img decoding=\"async\" class=\"turistajelzeskep\" src=\"\/images\/tura\/jelzesek\/pisav1.gif\" alt=\"Piros s\u00e1v turista jelz\u00e9s\" \/><\/a> jelz\u00e9sre. Azon indultunk meg a Lencs\u00e9s-nyereg ir\u00e1ny\u00e1ba.<br \/>\nItt szokv\u00e1nyos erdei utakkal tal\u00e1lkozhattunk, p\u00e1r helyen kiss\u00e9 jobban felvert\u00e9k a sarat az erre j\u00e1r\u00f3 j\u00e1rm\u0171vek, de egy\u00e9bk\u00e9nt az \u00f6sv\u00e9nyen haladva lehetett sz\u00e1raz l\u00e1bbal haladni.<br \/>\nA r\u00f6vid, szinte pihentet\u0151 s\u00e9ta a gerincen hamar feledtette vel\u00fcnk a kezdeti nehezebb szakaszt. A kellemes ny\u00e1ri id\u0151ben az es\u0151 ut\u00e1ni p\u00e1r\u00e1sabb leveg\u0151 \u00edgy is megizzasztott minket.<\/p>\n<div class=\"thumb_wrapper margin_r20\" style=\"float: right;\"><a title=\"Lencs\u00e9s-nyereg utba igaz\u00edt\u00e1s\" href=\"\/kepinfo\/63\/3944\/index.html\"><img decoding=\"async\" loading=\"lazy\" class=\"alignright\" src=\"\/modules\/kepmutat.php?dir=63&amp;kep=3944\" alt=\"Lencs\u00e9s-nyereg utba igaz\u00edt\u00e1s\" width=\"198\" height=\"146\" align=\"right\" \/><\/a><\/div>\n<p>A Lencs\u00e9s-nyeregre \u00e9rve a Lencs\u00e9s forr\u00e1sn\u00e1l szerett\u00fcnk volna egy r\u00f6vid \u00e9tkez\u00e9st lefolytatni, de sajnos itt nem tal\u00e1ltunk m\u00e1r a t\u00e9rk\u00e9pen jelzett pihen\u0151t, pihen\u00e9sre alkalmas helyet. Igaz a Lencs\u00e9s-forr\u00e1st sem volt egyszer\u0171 megtal\u00e1lni.<br \/>\n\u00cdgy a <a class=\"nolink\" title=\"Z\u00f6ld s\u00e1v turista jelz\u00e9s\" href=\"\/tura\/turistajelzes\"><img decoding=\"async\" class=\"turistajelzeskep\" src=\"\/images\/tura\/jelzesek\/zosav1.gif\" alt=\"Z\u00f6ld s\u00e1v turista jelz\u00e9s\" \/><\/a> jelz\u00e9s ment\u00e9n visszat\u00e9rt\u00fcnk a <a class=\"nolink\" title=\"Piros s\u00e1v turista jelz\u00e9s\" href=\"\/tura\/turistajelzes\"><img decoding=\"async\" class=\"turistajelzeskep\" src=\"\/images\/tura\/jelzesek\/pisav1.gif\" alt=\"Piros s\u00e1v turista jelz\u00e9s\" \/><\/a> turista \u00fatra, \u00e9s itt \u00e1lltunk meg kicsit falatozni.<br \/>\nA r\u00f6vidke pihen\u0151 befejezt\u00e9vel a Dolka-gerinc fel\u00e9 indultunk, \u00e9s a 461m-es tengerszint feletti magass\u00e1got el\u00e9rve azt hiszem a napi magass\u00e1gi cs\u00facsot \u00e9rt\u00fck el. Ezen a r\u00e9szen el\u00e9g sok f\u00e1t kiv\u00e1gtak, \u00edgy sz\u00e9p kil\u00e1t\u00e1s ny\u00edlt a k\u00f6rnyez\u0151 hegyekre, dombokra. Az alattunk elhelyezked\u0151 H\u00e1mori-t\u00f3, Lillaf\u00fcred \u00e9s Fels\u0151-h\u00e1mor term\u00e9szetesen rejtve maradt a szem\u00fcnk el\u0151l.<\/p>\n<div class=\"thumb_wrapper margin_r20\" style=\"float: left;\"><a title=\"KIl\u00e1t\u00e1s a Dolka-hegyr\u0151l\" href=\"\/kepinfo\/63\/3950\/index.html\"><img decoding=\"async\" loading=\"lazy\" class=\"alignleft\" src=\"\/modules\/kepmutat.php?dir=63&amp;kep=3950\" alt=\"KIl\u00e1t\u00e1s a Dolka-hegyr\u0151l\" width=\"198\" height=\"146\" align=\"left\" \/><\/a><\/div>\n<p>A dombr\u00f3l lefel\u00e9 ereszkedve hamarosan az utunkat keresztezte, majd csatlakozott a <a class=\"nolink\" title=\"Piros n\u00e9gysz\u00f6g turista jelz\u00e9s\" href=\"\/tura\/turistajelzes\"><img decoding=\"async\" class=\"turistajelzeskep\" src=\"\/images\/tura\/jelzesek\/pihaz1.gif\" alt=\"Piros n\u00e9gysz\u00f6g turista jelz\u00e9s\" \/><\/a>, ami jelezte sz\u00e1munkra, hogy a Szinva-tan\u00f6sv\u00e9nyen j\u00e1runk m\u00e1r.<br \/>\nInnent\u0151l lehet mondani, hogy baj nem lehetett, ugyanis a jelz\u00e9sek, mint egy tan\u00f6sv\u00e9nyhez illenek, megfelel\u0151 rendezetlens\u00e9ggel s\u0171r\u0171n megjelentek, a szinte legv\u00e1ratlanabb helyeken. \ud83d\ude42<br \/>\nAls\u00f3h\u00e1mort ker\u00fclt\u00fck meg k\u00f6zben az \u00f6sv\u00e9nyen j\u00e1rva, folyamosan lefel\u00e9 haladva.<br \/>\nMajdnem siker\u00fclt a h\u00edres Moln\u00e1r-szikla mellett is elhaladnunk, de azt\u00e1n szerencs\u00e9re felfedezt\u00fck a jelz\u00e9st, ami a felette l\u00e9v\u0151 p\u00e1rk\u00e1nyra vezetett ki.<\/p>\n<div class=\"thumb_wrapper margin_r20\" style=\"float: right;\"><a title=\"Moln\u00e1r-szikla, Als\u00f3h\u00e1mor\" href=\"\/kepinfo\/63\/3896\/index.html\"><img decoding=\"async\" loading=\"lazy\" class=\"alignright\" src=\"\/modules\/kepmutat.php?dir=63&amp;kep=3896\" alt=\"Moln\u00e1r-szikla, Als\u00f3h\u00e1mor\" width=\"198\" height=\"146\" align=\"right\" \/><\/a><\/div>\n<p>A Moln\u00e1r-szikl\u00e1r\u00f3l sz\u00e9p kil\u00e1t\u00e1s ny\u00edlik a Szinva v\u00f6lgy\u00e9re, Als\u00f3h\u00e1morra is sz\u00e9p kil\u00e1t\u00e1s ny\u00edlik.<br \/>\nA k\u00f6zeli Miskolc v\u00e1ros\u00e1nak is l\u00e1tni az els\u0151 h\u00e1zait m\u00e1r sz\u00e9p id\u0151ben.<br \/>\nA <a class=\"nolink\" title=\"Piros s\u00e1v turista jelz\u00e9s\" href=\"\/tura\/turistajelzes\"><img decoding=\"async\" class=\"turistajelzeskep\" src=\"\/images\/tura\/jelzesek\/pisav1.gif\" alt=\"Piros s\u00e1v turista jelz\u00e9s\" \/><\/a> jelz\u00e9s ment\u00e9n kiss\u00e9 meredek, de j\u00f3l m\u00e1szhat\u00f3 \u00faton A Hermann Ott\u00f3 eml\u00e9kparkhoz lehet lejutni.<br \/>\nM\u00e9g fent egy kiugr\u00f3 szikl\u00e1n turb\u00e9kol\u00f3 p\u00e1rra akadtunk, szerencs\u00e9re nagy dolgokban nem zavartuk meg \u0151ket. T\u00e9nyleg kellemes \u00e9s romantikus hely annak, aki nem egy pl\u00e1z\u00e1ban k\u00e9pzeli el csak az id\u0151t\u00f6lt\u00e9st.<br \/>\nA t\u00fara v\u00e9g\u00e9r\u0151l tal\u00e1n csak annyit, hogy szerencs\u00e9sen el\u00e9rt\u00fck az egyik helyi j\u00e1ratot, \u00edgy id\u0151ben vissza\u00e9rt\u00fcnk az aut\u00f3hoz, amivel hazaindultunk. A parkr\u00f3l j\u00f3t vagy semmit.. nos mondjuk \u00fagy, hogy r\u00e1f\u00e9rne egy is gondoskod\u00e1s a jobb napokat is l\u00e1tott ter\u00fcletre.<\/p>\n<ul>\n<li>A t\u00fara k\u00e9peit megtekintheti a k\u00f6vetkez\u0151 gal\u00e9ri\u00e1ban: <a title=\"Garadna k\u00e9p gal\u00e9ria\" href=\"\/galeria\/63\/index.html\">Garadna k\u00e9p gal\u00e9ria<\/a>.<\/li>\n<li>Egy kor\u00e1bbi Lillaf\u00fcredi k\u00e9pgal\u00e9ria: <a title=\"Lillaf\u00fcred k\u00e9pgal\u00e9ria\" href=\"\/galeria\/5\/index.html\">Lillaf\u00fcred k\u00e9p gal\u00e9ria<\/a>.<\/li>\n<li>Egy\u00e9b t\u00far\u00e1z\u00e1ssal kapcsolatos k\u00e9pgal\u00e9ri\u00e1k: <a title=\"Dzs-z.hu t\u00fara, turista k\u00e9p gal\u00e9ri\u00e1k\" href=\"\/galeriak\/index.html\">Dzs-z.hu k\u00e9p gal\u00e9ri\u00e1k<\/a>.<\/li>\n<\/ul>\n<p>&nbsp;<\/p>\n<div class=\"inpostadsfull\"><div style=\"margin:10px auto;text-align:center;\"><script async src=\"\/\/pagead2.googlesyndication.com\/pagead\/js\/adsbygoogle.js\"><\/script><!-- Dzs-recept-1 --><ins class=\"adsbygoogle\"     style=\"display:inline-block;width:728px;height:90px\"     data-ad-client=\"ca-pub-5246420517641697\"     data-ad-slot=\"3352945761\"><\/ins><script>(adsbygoogle = window.adsbygoogle || []).push({});<\/script><\/div><\/div>","protected":false},"excerpt":{"rendered":"<p>\u2217 T\u00fara \u00bb B\u00fckk-hegys\u00e9g \u00bb Garadna &#8211; Hermann Ott\u00f3 eml\u00e9kpark t\u00fara Garadna &#8211; Hermann Ott\u00f3 eml\u00e9kpark 2006.07.14 A t\u00fara \u00fatvonala: Garadna &#8211; Piszr\u00e1ngtelep &#8211; Lendeczky-pihen\u0151 &#8211; Cs\u00f3k\u00e1s &#8211; Lencs\u00e9s-nyereg &#8211; Lencs\u00e9s-forr\u00e1s &#8211; Lencs\u00e9s-nyereg &#8211; Szinva-tan\u00f6sv\u00e9ny &#8211; Dolka-tet\u0151 &#8211; Moln\u00e1r-szikla &#8211; Hermann Ott\u00f3 eml\u00e9kpark 2006.07.14-\u00e9n Miskolcra utaztunk, majd onnan kisvas\u00fattal kiment\u00fcnk Garadn\u00e1ra \u00e9s onnan s\u00e9t\u00e1ltunk vissza [&hellip;]<\/p>\n","protected":false},"author":1,"featured_media":646,"comment_status":"closed","ping_status":"closed","sticky":false,"template":"","format":"standard","meta":{"footnotes":""},"categories":[2],"tags":[3,4,23,24,13,5],"_links":{"self":[{"href":"http:\/\/www.dzs-z.hu\/tura\/wp-json\/wp\/v2\/posts\/72"}],"collection":[{"href":"http:\/\/www.dzs-z.hu\/tura\/wp-json\/wp\/v2\/posts"}],"about":[{"href":"http:\/\/www.dzs-z.hu\/tura\/wp-json\/wp\/v2\/types\/post"}],"author":[{"embeddable":true,"href":"http:\/\/www.dzs-z.hu\/tura\/wp-json\/wp\/v2\/users\/1"}],"replies":[{"embeddable":true,"href":"http:\/\/www.dzs-z.hu\/tura\/wp-json\/wp\/v2\/comments?post=72"}],"version-history":[{"count":4,"href":"http:\/\/www.dzs-z.hu\/tura\/wp-json\/wp\/v2\/posts\/72\/revisions"}],"predecessor-version":[{"id":647,"href":"http:\/\/www.dzs-z.hu\/tura\/wp-json\/wp\/v2\/posts\/72\/revisions\/647"}],"wp:featuredmedia":[{"embeddable":true,"href":"http:\/\/www.dzs-z.hu\/tura\/wp-json\/wp\/v2\/media\/646"}],"wp:attachment":[{"href":"http:\/\/www.dzs-z.hu\/tura\/wp-json\/wp\/v2\/media?parent=72"}],"wp:term":[{"taxonomy":"category","embeddable":true,"href":"http:\/\/www.dzs-z.hu\/tura\/wp-json\/wp\/v2\/categories?post=72"},{"taxonomy":"post_tag","embeddable":true,"href":"http:\/\/www.dzs-z.hu\/tura\/wp-json\/wp\/v2\/tags?post=72"}],"curies":[{"name":"wp","href":"https:\/\/api.w.org\/{rel}","templated":true}]}}