{"id":751,"date":"2017-01-01T19:17:05","date_gmt":"2017-01-01T19:17:05","guid":{"rendered":"http:\/\/www.dzs-z.hu\/tura\/?p=751"},"modified":"2021-11-01T18:08:57","modified_gmt":"2021-11-01T18:08:57","slug":"2017-ben-a-tengelic-az-ev-madara","status":"publish","type":"post","link":"http:\/\/www.dzs-z.hu\/tura\/egyeb\/2017-ben-a-tengelic-az-ev-madara","title":{"rendered":"2017-ben a tengelic az \u00e9v madara"},"content":{"rendered":"<h3>2017-ben a tengelic az \u00e9v madara<\/h3>\n<blockquote>\n<p class=\"toc-header toc-header-bullet\">A tengelic kontinens\u00fcnk egyik legtark\u00e1bb madara. Fej\u00e9nek el\u00fcls\u0151 r\u00e9sze a homlokt\u00f3l a szemek h\u00e1ts\u00f3 vonal\u00e1ig \u00e9s a torka fels\u0151 r\u00e9sz\u00e9ig piros. Magev\u0151h\u00f6z k\u00e9pest hossz\u00fa, egyenes lefut\u00e1s\u00fa \u00e9s hegyes cs\u0151re elef\u00e1ntcsontsz\u00edn\u0171. Pof\u00e1i a fejtet\u0151t\u0151l a torokig feh\u00e9rek, a tark\u00f3 a nyak k\u00f6zep\u00e9ig fekete.<\/p>\n<\/blockquote>\n<p>H\u00e1ta barna, a farkcs\u00edk feh\u00e9r, k\u00f6zepesen vill\u00e1s farka fekete, a tollak hegy\u00e9n feh\u00e9r folttal, a sz\u00e9ls\u0151 farktollakon feh\u00e9r t\u00fck\u00f6rrel. Begye \u00e9s testalja feh\u00e9r, a mell k\u00e9t oldal\u00e1nak barn\u00e1s ter\u00fclete nem \u00f6ssze\u00e9r\u0151 mellszalagot alkot. A sz\u00e1rnytollak feket\u00e9k, hegy\u00fck\u00f6n feh\u00e9r folttal, k\u00f6z\u00e9pen s\u00e1rga t\u00fck\u00f6rrel, ami rep\u00fcl\u00e9s k\u00f6zben m\u00e9g felt\u0171n\u0151bb. A h\u00edm \u00e9s a toj\u00f3 nagyon hasonl\u00f3, elk\u00fcl\u00f6n\u00edt\u00e9s\u00fck els\u0151sorban k\u00e9zben (gy\u0171r\u0171z\u00e9skor) lehets\u00e9ges.<\/p>\n<p>A fiatalok finoman s\u00e1vozott, sz\u00fcrk\u00e9sfeh\u00e9r fej\u00e9r\u0151l egyar\u00e1nt hi\u00e1nyzik a fekete, a piros \u00e9s a feh\u00e9r sz\u00edn is, a fajra jellemz\u0151 s\u00e1rga-fekete-feh\u00e9r sz\u00e1rnymint\u00e1zat azonban m\u00e1r ekkor is j\u00f3l l\u00e1tszik.<\/p>\n<p>Elterjed\u00e9si ter\u00fclete Nyugat-Eur\u00f3p\u00e1t\u00f3l K\u00f6z\u00e9p-\u00c1zsi\u00e1ig terjed, de f\u00e9szkel Afrika \u00e9szaki r\u00e9sz\u00e9n is. \u00c9szaki elterjed\u00e9s\u00e9nek hat\u00e1ra K\u00f6z\u00e9p-Finnorsz\u00e1g. Term\u00e9szetes elterjed\u00e9si ter\u00fclet\u00e9n k\u00edv\u00fcl betelep\u00edtett\u00e9k D\u00e9l-Amerik\u00e1ba \u00e9s Ausztr\u00e1li\u00e1ba \u00e9s sok szigetre is.<\/p>\n<p>Magyarorsz\u00e1g egyik leggyakoribb f\u00e9szkel\u0151 madarak\u00e9nt hazai \u00e1llom\u00e1nya 622-763 ezer p\u00e1rra tehet\u0151 \u00e9s m\u00e9rs\u00e9kelt n\u00f6veked\u00e9st mutat.<\/p>\n<h4>A tengelic ismertet\u00e9se<\/h4>\n<p>A tengelic a f\u00e1kkal \u00e9s ny\u00edlt gazosokkal tark\u00edtott s\u00edk \u00e9s dombvid\u00e9ki \u00e9l\u0151helyeket kedveli, az erd\u0151s\u00e9gek z\u00e1rt bels\u0151 r\u00e9szeit ker\u00fcli. Mivel a lakott ter\u00fcletek is alapvet\u0151en ilyen mozaikos \u00e9l\u0151helyk\u00edn\u00e1lattal rendelkeznek, a telep\u00fcl\u00e9seinken, m\u00e9g a belv\u00e1rosokban is j\u00f3l \u00e9rzi mag\u00e1t.<\/p>\n<p>Speci\u00e1lis, rendk\u00edv\u00fcl hegyes v\u00e9g\u0171 cs\u0151re \u00e9s kis termete alkalmass\u00e1 teszi, hogy a k\u00fcl\u00f6nf\u00e9le gyomn\u00f6v\u00e9nyek (\u00fcr\u00f6m, diszn\u00f3par\u00e9j) cs\u00facs\u00e1n megkapaszkodva a legapr\u00f3bb magokhoz is hozz\u00e1f\u00e9rjen. K\u00fcl\u00f6n\u00f6sen kedveli a bog\u00e1ncs \u00e9s az aszat, a f\u00e1k k\u00f6z\u00fcl a plat\u00e1n \u00e9s a ny\u00e1r term\u00e9s\u00e9t. Fi\u00f3k\u00e1it apr\u00f3 rovarokkal (p\u00e9ld\u00e1ul lev\u00e9ltetvekkel), herny\u00f3kkal \u00e9s l\u00e1rv\u00e1kkal is eteti.<\/p>\n<p>A hazai \u00e1llom\u00e1ny t\u00f6bbs\u00e9ge \u00e1lland\u00f3, a r\u00f6vid t\u00e1v\u00fa vonul\u00f3 p\u00e9ld\u00e1nyok csak D\u00e9l-d\u00e9lkelet-Eur\u00f3p\u00e1ig rep\u00fclnek, f\u0151 telel\u0151ter\u00fclet\u00fck a Balk\u00e1n-f\u00e9lsziget. Kontinens\u00fcnk \u00e9szaki t\u00e9rs\u00e9geib\u0151l sok mad\u00e1r \u00e9rkezik hozz\u00e1nk telelni \u00e9vr\u0151l \u00e9vre.<\/p>\n<p>A tengelic \u00e1llom\u00e1nya enyh\u00e9n n\u00f6vekv\u0151 tendenci\u00e1t mutat, amit a faj alkalmazkod\u00f3k\u00e9pess\u00e9ge, emberk\u00f6vet\u0151 magatart\u00e1sa is seg\u00edt.<\/p>\n<p>A kedvez\u0151 \u00e1llom\u00e1nyadatok ellen\u00e9re minden bizonnyal sok tengelic (is) \u00e1ldozat\u00e1ul esik a k\u00f6lt\u00e9si id\u0151szakban t\u00f6rt\u00e9n\u0151 fakiv\u00e1g\u00e1soknak \u00e9vr\u0151l \u00e9vre. Az intenz\u00edv mez\u0151gazdas\u00e1g, illetve a telep\u00fcl\u00e9si z\u00f6ld fel\u00fcletek cs\u00f6kken\u00e9se \u00e9s min\u0151s\u00e9g\u00e9nek roml\u00e1sa vesz\u00e9lyezteti t\u00e1pl\u00e1l\u00e9kb\u00e1zis\u00e1t.<\/p>\n<p>&nbsp;<\/p>\n<p>A bejegyz\u00e9s alapja: http:\/\/www.mme.hu\/2017-ev-madara-tengelic<\/p>\n<div class=\"inpostadsfull\"><div style=\"margin:10px auto;text-align:center;\"><script async src=\"\/\/pagead2.googlesyndication.com\/pagead\/js\/adsbygoogle.js\"><\/script><!-- Dzs-recept-1 --><ins class=\"adsbygoogle\"     style=\"display:inline-block;width:728px;height:90px\"     data-ad-client=\"ca-pub-5246420517641697\"     data-ad-slot=\"3352945761\"><\/ins><script>(adsbygoogle = window.adsbygoogle || []).push({});<\/script><\/div><\/div>","protected":false},"excerpt":{"rendered":"<p>2017-ben a tengelic az \u00e9v madara A tengelic kontinens\u00fcnk egyik legtark\u00e1bb madara. Fej\u00e9nek el\u00fcls\u0151 r\u00e9sze a homlokt\u00f3l a szemek h\u00e1ts\u00f3 vonal\u00e1ig \u00e9s a torka fels\u0151 r\u00e9sz\u00e9ig piros. Magev\u0151h\u00f6z k\u00e9pest hossz\u00fa, egyenes lefut\u00e1s\u00fa \u00e9s hegyes cs\u0151re elef\u00e1ntcsontsz\u00edn\u0171. Pof\u00e1i a fejtet\u0151t\u0151l a torokig feh\u00e9rek, a tark\u00f3 a nyak k\u00f6zep\u00e9ig fekete. H\u00e1ta barna, a farkcs\u00edk feh\u00e9r, k\u00f6zepesen vill\u00e1s [&hellip;]<\/p>\n","protected":false},"author":1,"featured_media":752,"comment_status":"closed","ping_status":"closed","sticky":false,"template":"","format":"standard","meta":{"footnotes":""},"categories":[1],"tags":[327,246,286,285],"_links":{"self":[{"href":"http:\/\/www.dzs-z.hu\/tura\/wp-json\/wp\/v2\/posts\/751"}],"collection":[{"href":"http:\/\/www.dzs-z.hu\/tura\/wp-json\/wp\/v2\/posts"}],"about":[{"href":"http:\/\/www.dzs-z.hu\/tura\/wp-json\/wp\/v2\/types\/post"}],"author":[{"embeddable":true,"href":"http:\/\/www.dzs-z.hu\/tura\/wp-json\/wp\/v2\/users\/1"}],"replies":[{"embeddable":true,"href":"http:\/\/www.dzs-z.hu\/tura\/wp-json\/wp\/v2\/comments?post=751"}],"version-history":[{"count":1,"href":"http:\/\/www.dzs-z.hu\/tura\/wp-json\/wp\/v2\/posts\/751\/revisions"}],"predecessor-version":[{"id":753,"href":"http:\/\/www.dzs-z.hu\/tura\/wp-json\/wp\/v2\/posts\/751\/revisions\/753"}],"wp:featuredmedia":[{"embeddable":true,"href":"http:\/\/www.dzs-z.hu\/tura\/wp-json\/wp\/v2\/media\/752"}],"wp:attachment":[{"href":"http:\/\/www.dzs-z.hu\/tura\/wp-json\/wp\/v2\/media?parent=751"}],"wp:term":[{"taxonomy":"category","embeddable":true,"href":"http:\/\/www.dzs-z.hu\/tura\/wp-json\/wp\/v2\/categories?post=751"},{"taxonomy":"post_tag","embeddable":true,"href":"http:\/\/www.dzs-z.hu\/tura\/wp-json\/wp\/v2\/tags?post=751"}],"curies":[{"name":"wp","href":"https:\/\/api.w.org\/{rel}","templated":true}]}}