{"id":754,"date":"2019-01-03T19:38:55","date_gmt":"2019-01-03T19:38:55","guid":{"rendered":"http:\/\/www.dzs-z.hu\/tura\/?p=754"},"modified":"2021-11-01T18:11:43","modified_gmt":"2021-11-01T18:11:43","slug":"2019-ben-az-ev-keteltuje-a-foltos-szalamandra","status":"publish","type":"post","link":"http:\/\/www.dzs-z.hu\/tura\/egyeb\/2019-ben-az-ev-keteltuje-a-foltos-szalamandra","title":{"rendered":"2019-ben az \u00e9v k\u00e9t\u00e9lt\u0171je a foltos szalamandra"},"content":{"rendered":"<h3>2019-ben az \u00e9v k\u00e9t\u00e9lt\u0171je a foltos szalamandra<\/h3>\n<blockquote><p>H\u0171v\u00f6s erdeink egzotikus k\u00e9t\u00e9lt\u0171j\u00e9t, a foltos szalamandr\u00e1t v\u00e1lasztottuk az \u00e9v k\u00e9t\u00e9lt\u0171j\u00e9nek 2019-ben. Az al\u00e1bbi cikkben a kiv\u00e1laszt\u00e1s h\u00e1tter\u00e9r\u0151l \u00e9s az \u00e9v k\u00e9t\u00e9lt\u0171je kamp\u00e1nyunkkal kapcsolatos terveinkr\u0151l \u00edrtunk.<\/p><\/blockquote>\n<p>A B\u00f6rzs\u00f6ny \u00e9s a M\u00e1tra erd\u0151s\u00e9gei el\u0151kel\u0151 helyet foglalnak el haz\u00e1nk n\u00e9pszer\u0171 kir\u00e1ndul\u00f3helyei k\u00f6z\u00f6tt. Naps\u00fct\u00e9ses h\u00e9tv\u00e9g\u00e9ken turist\u00e1k ezrei h\u00faznak bakancsot, hogy bej\u00e1rj\u00e1k a h\u0171v\u00f6s patakv\u00f6lgyekkel szabdalt hegyek zegzugos vil\u00e1g\u00e1t. Es\u0151s, nyirkos id\u0151ben \u00e9rezhet\u0151en cs\u00f6kken a kir\u00e1ndul\u00f3k sz\u00e1ma, a cs\u00fasz\u00f3s k\u00f6vek \u00e9s a s\u00e1ros \u00f6sv\u00e9nyek jelentette megpr\u00f3b\u00e1ltat\u00e1sokat csak a mer\u00e9szebbek v\u00e1llalj\u00e1k. Akit hirtelen kap el a z\u00e1por-zivatar, az mihamarabb igyekszik fedez\u00e9kbe h\u00faz\u00f3dni. Mikor a turist\u00e1k zsivaja elhalkul, s az es\u0151 csepeg\u00e9se feler\u0151s\u00f6dik, akkor j\u00f6n el a foltos szalamandr\u00e1k (<em>Salamandra salamandra<\/em>) ideje!<\/p>\n<p>Sz\u00e1razs\u00e1g idej\u00e9n sokszor alig \u00e9rz\u00e9kelhet\u0151 a jelenl\u00e9t\u00fck, ellenben miut\u00e1n megny\u00edlnak az \u00e9g csatorn\u00e1i, gyakran t\u00f6meg\u00e9vel m\u00e1sznak el\u0151 rejtek\u00fckb\u0151l. Ez a tal\u00e1lkoz\u00e1s a legt\u00f6bb ember sz\u00e1m\u00e1ra maradand\u00f3 \u00e9lm\u00e9nyt jelent, hiszen haz\u00e1nk egyik legtetszet\u0151sebb, rendk\u00edv\u00fcl fotog\u00e9n k\u00e9t\u00e9lt\u0171j\u00e9r\u0151l van sz\u00f3. Sajn\u00e1latos t\u00e9ny, hogy napjainkban a foltos szalamandr\u00e1ra sz\u00e1mos vesz\u00e9ly leselkedik, ez\u00e9rt d\u00f6nt\u00f6tt \u00fagy az MME K\u00e9t\u00e9lt\u0171- \u00e9s H\u00fcll\u0151v\u00e9delmi Szakoszt\u00e1lya, hogy a fajt 2019-ben az \u00c9v k\u00e9t\u00e9lt\u0171j\u00e9nek v\u00e1lasztja.<\/p>\n<p>A foltos szalamandra legnagyobb \u00e9s legl\u00e1tv\u00e1nyosabb farkos k\u00e9t\u00e9lt\u0171nk, haz\u00e1nkban m\u00e1s \u00e1llattal gyakorlatilag \u00f6sszet\u00e9veszthetetlen. Testhossza feln\u0151tt kor\u00e1ban \u00e1tlagosan 20 cm k\u00f6r\u00fcli. Szemei nagyok, kiemelked\u0151k, pupill\u00e1ja s\u00f6t\u00e9t. A test hengeres, mint\u00e1zata felt\u0171n\u0151, egyedekre jellemz\u0151. H\u00e1ta \u00e9s oldala f\u00e9nyes fekete, amelyet vil\u00e1gos- vagy s\u00f6t\u00e9ts\u00e1rga foltok tark\u00edtanak. N\u00e9h\u00e1ny \u00e1llom\u00e1ny\u00e1n\u00e1l el\u0151fordulnak olyan egyedek, amelyeken a foltok narancs- vagy t\u0171zv\u00f6r\u00f6sek, haz\u00e1nkban ilyenekkel leggyakrabban a B\u00f6rzs\u00f6nyben tal\u00e1lkozhatunk.<\/p>\n<p>A foltos szalamandra hasa \u00e1ltal\u00e1ban sz\u00fcrke alapon s\u00e1rga foltos. B\u0151re sima, h\u00e1t\u00e1n \u00e9s oldalain nagy mirigyszem\u00f6lcs\u00f6k tal\u00e1lhat\u00f3ak. K\u00e9toldalt a tark\u00f3t\u00e1j\u00e9kon, a nyakra h\u00faz\u00f3d\u00f3an, s\u00e1rga, vese alak\u00fa f\u00fclt\u0151mirigyek helyezkednek el.<\/p>\n<h4>A foltos szalamandra Magyarorsz\u00e1g hegyein-v\u00f6lgyein<\/h4>\n<p>Haz\u00e1nkban a foltos szalamandra elterjed\u00e9s\u00e9t el\u00e9g j\u00f3l ismerj\u00fck. A jelenleg ismert el\u0151fordul\u00e1sai szorosan \u00f6sszef\u00fcggenek a k\u00f6z\u00e9phegys\u00e9gi jelleg\u0171, h\u0171v\u00f6s kl\u00edm\u00e1j\u00fa erd\u0151\u00e1llom\u00e1nyok \u00e9s a l\u00e1rvanevel\u00e9sre alkalmas v\u00edzterek megl\u00e9t\u00e9vel. B\u00e1r a szalamandra hegyvid\u00e9keink magasabb r\u00e9gi\u00f3iban a leggyakoribb, dombvid\u00e9keken \u00e9s hegyl\u00e1bi ter\u00fcleteken is el\u0151fordul. Hazai popul\u00e1ci\u00f3i szigetszer\u0171en fordulnak el\u0151 \u00e9s nagy genetikai v\u00e1ltozatoss\u00e1got mutatnak. Legnagyobb \u00e1llom\u00e1nyai az \u00c9szaki-k\u00f6z\u00e9phegys\u00e9gben tal\u00e1lhat\u00f3ak, a B\u00f6rzs\u00f6nyt\u0151l a Zempl\u00e9nig 200-300 m\u00e9teres tengerszintt\u0151l felfel\u00e9. A Dun\u00e1nt\u00falon sz\u0171kebb az elterjed\u00e9se, a nyugati hat\u00e1rsz\u00e9len el\u0151fordul az \u0150rs\u00e9gben, valamint a Soproni- \u00e9s a K\u0151szegi-hegys\u00e9gben. Kicsiny maradv\u00e1nypopul\u00e1ci\u00f3i \u00e9lnek a Visegr\u00e1di- \u00e9s a Budai-hegys\u00e9gben is, ez ut\u00f3bbira 2008-ban der\u00fclt f\u00e9ny. K\u00fcl\u00f6n \u00e9rdekess\u00e9g, hogy az egyik \u00e9l\u0151hely Budapest k\u00f6zigazgat\u00e1si hat\u00e1r\u00e1n bel\u00fcl tal\u00e1lhat\u00f3. K\u00f6z\u00e9p-Eur\u00f3pa hegyvid\u00e9kein a foltos szalamandra k\u00f6r\u00fclbel\u00fcl 1000 m\u00e9terig, D\u00e9l-Eur\u00f3pa egyes r\u00e9szein 2000 m\u00e9terig hatol fel.<\/p>\n<p>Hazai \u00e1llom\u00e1nynagys\u00e1ga nem ismert pontosan. A fajt vesz\u00e9lyeztet\u0151 egyik legfontosabb t\u00e9nyez\u0151 a l\u00e1rv\u00e1k kifejl\u0151d\u00e9s\u00e9hez sz\u00fcks\u00e9ges tiszta, friss viz\u0171 forr\u00e1sok, lass\u00fa foly\u00e1s\u00fa patakok, csermelyek sz\u00e1m\u00e1nak fogyatkoz\u00e1sa. A megfelel\u0151, l\u00e1rvafial\u00e1sra alkalmas vizeket nagy t\u00e1vols\u00e1gb\u00f3l is felkeres\u0151, lass\u00fa mozg\u00e1s\u00fa n\u0151st\u00e9nyek fokozott vesz\u00e9lynek vannak kit\u00e9ve az egyre s\u0171r\u0171bb \u00fath\u00e1l\u00f3zat miatt. Kor\u00e1bban el\u0151szeretettel gy\u0171jt\u00f6tt\u00e9k tetszet\u0151s sz\u00edne miatt, ez a szok\u00e1s m\u00e1ra szerencs\u00e9re al\u00e1bbhagyott. A faj a Berni Egyezm\u00e9ny III. f\u00fcggel\u00e9k\u00e9be tartozik. Magyarorsz\u00e1gon \u2013 mint minden k\u00e9t\u00e9lt\u0171 \u00e9s h\u00fcll\u0151 \u2013 v\u00e9dett. Term\u00e9szetv\u00e9delmi \u00e9rt\u00e9ke: 50 000 Ft.<\/p>\n<p>&nbsp;<\/p>\n<p>A bejegyz\u00e9s alapja: http:\/\/www.mme.hu\/foltos-szalamandra-lett-az-ev-keteltuje-2019-ben<\/p>\n<div class=\"inpostadsfull\"><div style=\"margin:10px auto;text-align:center;\"><script async src=\"\/\/pagead2.googlesyndication.com\/pagead\/js\/adsbygoogle.js\"><\/script><!-- Dzs-recept-1 --><ins class=\"adsbygoogle\"     style=\"display:inline-block;width:728px;height:90px\"     data-ad-client=\"ca-pub-5246420517641697\"     data-ad-slot=\"3352945761\"><\/ins><script>(adsbygoogle = window.adsbygoogle || []).push({});<\/script><\/div><\/div>","protected":false},"excerpt":{"rendered":"<p>2019-ben az \u00e9v k\u00e9t\u00e9lt\u0171je a foltos szalamandra H\u0171v\u00f6s erdeink egzotikus k\u00e9t\u00e9lt\u0171j\u00e9t, a foltos szalamandr\u00e1t v\u00e1lasztottuk az \u00e9v k\u00e9t\u00e9lt\u0171j\u00e9nek 2019-ben. Az al\u00e1bbi cikkben a kiv\u00e1laszt\u00e1s h\u00e1tter\u00e9r\u0151l \u00e9s az \u00e9v k\u00e9t\u00e9lt\u0171je kamp\u00e1nyunkkal kapcsolatos terveinkr\u0151l \u00edrtunk. A B\u00f6rzs\u00f6ny \u00e9s a M\u00e1tra erd\u0151s\u00e9gei el\u0151kel\u0151 helyet foglalnak el haz\u00e1nk n\u00e9pszer\u0171 kir\u00e1ndul\u00f3helyei k\u00f6z\u00f6tt. Naps\u00fct\u00e9ses h\u00e9tv\u00e9g\u00e9ken turist\u00e1k ezrei h\u00faznak bakancsot, hogy bej\u00e1rj\u00e1k [&hellip;]<\/p>\n","protected":false},"author":1,"featured_media":755,"comment_status":"closed","ping_status":"closed","sticky":false,"template":"","format":"standard","meta":{"footnotes":""},"categories":[1],"tags":[327,287,288,289],"_links":{"self":[{"href":"http:\/\/www.dzs-z.hu\/tura\/wp-json\/wp\/v2\/posts\/754"}],"collection":[{"href":"http:\/\/www.dzs-z.hu\/tura\/wp-json\/wp\/v2\/posts"}],"about":[{"href":"http:\/\/www.dzs-z.hu\/tura\/wp-json\/wp\/v2\/types\/post"}],"author":[{"embeddable":true,"href":"http:\/\/www.dzs-z.hu\/tura\/wp-json\/wp\/v2\/users\/1"}],"replies":[{"embeddable":true,"href":"http:\/\/www.dzs-z.hu\/tura\/wp-json\/wp\/v2\/comments?post=754"}],"version-history":[{"count":1,"href":"http:\/\/www.dzs-z.hu\/tura\/wp-json\/wp\/v2\/posts\/754\/revisions"}],"predecessor-version":[{"id":756,"href":"http:\/\/www.dzs-z.hu\/tura\/wp-json\/wp\/v2\/posts\/754\/revisions\/756"}],"wp:featuredmedia":[{"embeddable":true,"href":"http:\/\/www.dzs-z.hu\/tura\/wp-json\/wp\/v2\/media\/755"}],"wp:attachment":[{"href":"http:\/\/www.dzs-z.hu\/tura\/wp-json\/wp\/v2\/media?parent=754"}],"wp:term":[{"taxonomy":"category","embeddable":true,"href":"http:\/\/www.dzs-z.hu\/tura\/wp-json\/wp\/v2\/categories?post=754"},{"taxonomy":"post_tag","embeddable":true,"href":"http:\/\/www.dzs-z.hu\/tura\/wp-json\/wp\/v2\/tags?post=754"}],"curies":[{"name":"wp","href":"https:\/\/api.w.org\/{rel}","templated":true}]}}