{"id":764,"date":"2019-01-16T07:25:16","date_gmt":"2019-01-16T07:25:16","guid":{"rendered":"http:\/\/www.dzs-z.hu\/tura\/?p=764"},"modified":"2021-11-01T18:04:50","modified_gmt":"2021-11-01T18:04:50","slug":"2019-ben-az-ev-rovara-a-havasi-cincer","status":"publish","type":"post","link":"http:\/\/www.dzs-z.hu\/tura\/egyeb\/2019-ben-az-ev-rovara-a-havasi-cincer","title":{"rendered":"2019-ben az \u00e9v rovara a Havasi cinc\u00e9r"},"content":{"rendered":"<h3>2019-ben az \u00e9v rovara a Havasi cinc\u00e9r<\/h3>\n<blockquote><p>A 2019. \u00e9v rovar\u00e1t az internetes szavaz\u00e1s v\u00e9geredm\u00e9nyek\u00e9nt a Magyar Rovartani T\u00e1rsas\u00e1g 2019. december 21-\u00e9n, 16 \u00f3rakor kezd\u0151d\u0151 862. el\u0151ad\u00f3\u00fcl\u00e9s\u00e9n mutatta be, a szavaz\u00e1son a legt\u00f6bb jel\u00f6l\u00e9st kapott faj, \u00e9s \u00edgy a 2019. \u00e9v rovara a havasi cinc\u00e9r.<\/p><\/blockquote>\n<p>2019-re is h\u00e1rom rovarfaj k\u00f6z\u00fcl lehetett v\u00e1lasztani: a jel\u00f6ltek mind k\u00f6z\u00f6ss\u00e9gi jelent\u0151s\u00e9g\u0171 fajok. K\u00f6z\u00f6ss\u00e9gi jelent\u0151s\u00e9g\u0171 fajnak az Eur\u00f3pai Uni\u00f3 \u00e9l\u0151helyv\u00e9delmi ir\u00e1nyelv\u00e9nek mell\u00e9kletein szerepl\u0151 fajokat nevezz\u00fck; gyakran \u2013 helytelen\u00fcl \u2013 a \u201cNatura 2000-es faj\u201d kifejez\u00e9st haszn\u00e1lj\u00e1k r\u00e1juk. 2019-ben esed\u00e9kes az \u00e9l\u0151helyv\u00e9delmi ir\u00e1nyelv alapj\u00e1n k\u00e9sz\u00fcl\u0151 orsz\u00e1gjelent\u00e9s (amelyben a k\u00f6z\u00f6ss\u00e9gi jelent\u0151s\u00e9g\u0171 fajok \u00e9s \u00e9l\u0151helyek term\u00e9szetv\u00e9delmi helyzet\u00e9r\u0151l \u00e9s elterjed\u00e9s\u00e9r\u0151l kell besz\u00e1molni), ez\u00e9rt a\u00a0Magyar Rovartani T\u00e1rsas\u00e1g\u00a0\u00fagy\u00a0d\u00f6nt\u00f6tt, hogy ennek aprop\u00f3j\u00e1n v\u00e1lasztja ki jel\u00f6ltjeit\u00a0\u2013 a kis Apoll\u00f3-lepk\u00e9t, a\u00a0 magyar tarsz\u00e1t \u00e9s a havasi cinc\u00e9rt \u2013 az \u00c9v rovara c\u00edmre.<\/p>\n<h4>A havasi cinc\u00e9r felismer\u00e9se, k\u00fclleme<\/h4>\n<p>Aki m\u00e1r l\u00e1tott havasi cinc\u00e9rt, aligha t\u00e9veszti \u00f6ssze m\u00e1s hazai bog\u00e1rfajjal.<\/p>\n<p>A kifejlett bog\u00e1r (az im\u00e1g\u00f3) testhossza 2\u20134 cm. A h\u00edm cs\u00e1pja j\u00f3val (majdnem k\u00e9tszer) hosszabb a test\u00e9n\u00e9l, a n\u0151st\u00e9ny cs\u00e1pja alig hosszabb. A h\u00edm feje \u00e9s r\u00e1g\u00f3i is nagyobbak. K\u00fcltakar\u00f3j\u00e1nak alapsz\u00edne fekete, de minden\u00fctt nagyon s\u0171r\u0171n \u00e1ll\u00f3, igen r\u00f6vid sz\u0151r\u00f6k fedik, amelyek az alap fel\u00fclet\u00e9t szinte teljesen eltakarj\u00e1k. A sz\u0151r\u00f6k legnagyobbr\u00e9szt k\u00e9kessz\u00fcrk\u00e9k, de az el\u0151h\u00e1ton \u00e9s a sz\u00e1rnyfed\u0151k\u00f6n t\u00f6bb b\u00e1rsonyosnak l\u00e1tsz\u00f3 fekete foltba t\u00f6m\u00f6r\u00fclnek, amelyeket vil\u00e1gosabb s\u00e1v keretez. A foltok m\u00e9rete \u00e9s form\u00e1ja v\u00e1ltozatos, szinte egyedenk\u00e9nt m\u00e1s \u00e9s m\u00e1s, de az el\u0151h\u00e1t elej\u00e9n egy f\u00e9lk\u00f6r alak\u00fa minta \u00e9s a sz\u00e1rnyfed\u0151k k\u00f6zepe m\u00f6g\u00f6tt h\u00faz\u00f3d\u00f3 sz\u00e9les, zegzugos sz\u00e9l\u0171 har\u00e1nt\u00f6v \u00e1lland\u00f3 elem. Ez ut\u00f3bbi el\u0151tt egy-egy nagyobb, m\u00f6g\u00f6tte egy-egy kisebb kerekded folt l\u00e1tszik. A cs\u00e1p\u00edzek v\u00e9g\u00e9nek fekete sz\u0151rei ecsetszer\u0171en el\u00e1ll\u00f3 bojtba t\u00f6m\u00f6r\u00fclnek, ez\u00e9rt a cs\u00e1p tark\u00e1nak l\u00e1tszik. A l\u00e1bak szint\u00e9n k\u00e9kessz\u00fcrk\u00e9n sz\u0151r\u00f6sek, \u00edgy a mozdulatlan bog\u00e1r remek\u00fcl beleolvad a b\u00fckkf\u00e1k k\u00e9rg\u00e9nek hasonl\u00f3 sz\u00ednezet\u00e9be. Sz\u00e1rnyfed\u0151i ar\u00e1nylag gyeng\u00e9n szklerotiz\u00e1ltak, v\u00e9konyak, laposak.<\/p>\n<p>Magyarorsz\u00e1gon nem \u00e9l a havasi cinc\u00e9rhez hasonl\u00f3 sz\u00edn\u0171 \u00e9s m\u00e9ret\u0171 cinc\u00e9r. Mint\u00e1zata valamelyest hasonl\u00edt a gy\u00e1szcinc\u00e9r\u00e9hez (<em>Morimus funereus<\/em>) \u2013 mellyel gyakran azonos \u00e9l\u0151helyen tal\u00e1lhat\u00f3 \u2013, hiszen a gy\u00e1szcinc\u00e9r sz\u00e1rnyfed\u0151in is fekete b\u00e1rsonyfoltok vannak. E foltok sz\u00e1ma azonban a gy\u00e1szcinc\u00e9rn\u00e9l csak n\u00e9gy, ezek nem olvadnak \u00f6ssze har\u00e1ntszalagg\u00e1; az el\u0151h\u00e1t\u00e1n nincs folt, \u00e9s a cs\u00e1pja egysz\u00edn\u0171. A gy\u00e1szcinc\u00e9r sokkal vaskosabb fel\u00e9p\u00edt\u00e9s\u0171, dombor\u00fabb, neh\u00e9zkesebb mozg\u00e1s\u00fa, r\u00f6pk\u00e9ptelen bog\u00e1r.<\/p>\n<h4>A havasi cinc\u00e9r magyarorsz\u00e1gi elterjed\u00e9se<\/h4>\n<p>Magyarorsz\u00e1gon a havasi cinc\u00e9r a Dun\u00e1nt\u00fali- \u00e9s az \u00c9szaki-k\u00f6z\u00e9phegys\u00e9gben, valamint a Mecsekben honos, \u00e9s sok helyen gyakori. Megtal\u00e1lhat\u00f3 a Dun\u00e1nt\u00fali-dombs\u00e1g egyes magasabb r\u00e9szein is.<\/p>\n<p>A Soproni-hegys\u00e9gb\u0151l csak r\u00e9gi adatai ismertek. Az id\u0151s b\u00fckk\u00f6s\u00f6kben b\u0151velked\u0151 K\u0151szegi-hegys\u00e9gb\u0151l \u00e9s az Alpokalja m\u00e1s ter\u00fcleteir\u0151l furcsa m\u00f3don mostan\u00e1ig nem ker\u00fclt el\u0151. Figyelemre m\u00e9lt\u00f3, hogy a Zempl\u00e9ni-hegys\u00e9g \u00e9szaki \u00e9s k\u00f6z\u00e9ps\u0151 t\u00f6mbj\u00e9ben nem ritka, de a d\u00e9lebbi b\u00fckk\u00f6s\u00f6kb\u0151l ismeretlen. Mindez a megel\u0151z\u0151 \u00e9vsz\u00e1zadokban folytatott, a faj sz\u00e1m\u00e1ra kedvez\u0151tlen erd\u00e9szeti tev\u00e9kenys\u00e9gre \u2013 pl. ism\u00e9tl\u0151d\u0151 tarv\u00e1g\u00e1sokra, feny\u0151telep\u00edt\u00e9sekre \u2013 utalhat.<\/p>\n<p>A Budai-hegys\u00e9gben meglep\u0151en ritka. A Normafa k\u00f6rny\u00e9ki k\u00f6zismert \u2013 \u00e9s sok gy\u0171jt\u0151 \u00e1ltal l\u00e1togatott \u2013 extrazon\u00e1lis b\u00fckk\u00f6sb\u0151l csak anekdotikus besz\u00e1mol\u00f3k utalnak r\u00e1, bizony\u00edt\u00f3p\u00e9ld\u00e1nyt e sorok \u00edr\u00f3ja onnan m\u00e9g nem l\u00e1tott. Biztos adatai csup\u00e1n a hegys\u00e9g legink\u00e1bb \u00e9szaknyugati cs\u00fccsk\u00e9b\u0151l, a perb\u00e1li Meszes-hegyr\u0151l ismertek.<\/p>\n<p>Egyetlen alf\u00f6ldi adata a Dr\u00e1va mell\u00e9k\u00e9r\u0151l, Barcsr\u00f3l sz\u00e1rmazik, ahol 2018-ban figyelt\u00e9k meg. A Dun\u00e1t\u00f3l keletre, az Alf\u00f6ld\u00f6n csak fa\u00e1ruval behurcolt egyedeket figyeltek meg v\u00e1rosi k\u00f6rnyezetben; erd\u0151ben teny\u00e9sz\u0151 s\u00edks\u00e1gi popul\u00e1ci\u00f3r\u00f3l nincs ismeret\u00fcnk.<\/p>\n<h4>A havasi cinc\u00e9r \u00e9l\u0151helye \u00e9s t\u00e1pn\u00f6v\u00e9nyei<\/h4>\n<p><strong>\u00a0<\/strong>A havasi cinc\u00e9r legink\u00e1bb hegyvid\u00e9ki b\u00fckk\u00f6s\u00f6kben \u00e9l, \u00e1ltal\u00e1ban 300 \u00e9s 2000 m\u00e9tere tengerszint feletti magass\u00e1gban (min\u00e9l d\u00e9lebbre megy\u00fcnk, ann\u00e1l magasabban, a b\u00fckk elterjed\u00e9s\u00e9nek megfelel\u0151en). A havas hegycs\u00facsokhoz vagy a havasi legel\u0151kh\u00f6z teh\u00e1t nincs k\u00f6ze, \u00edgy a \u201ehavasi\u201d jelz\u0151je tulajdonk\u00e9ppen f\u00e9lrevezet\u0151. M\u00e1s erd\u0151t\u00e1rsul\u00e1sokban sokkal ritk\u00e1bb, \u00e9s azokban legink\u00e1bb akkor fordul el\u0151, ha elegyesen b\u00fckk is tal\u00e1lhat\u00f3 benn\u00fck. L\u00e1rv\u00e1ja ennek megfelel\u0151en legt\u00f6bbsz\u00f6r a b\u00fckk (<em>Fagus sylvatica<\/em>) f\u00e1j\u00e1ban \u00e9l, de m\u00e1s fafajok, p\u00e9ld\u00e1ul a k\u00f6z\u00f6ns\u00e9ges gyerty\u00e1n (<em>Carpinus betulus<\/em>), a mezei juhar (<em>Acer campestre<\/em>), a hegyi juhar (<em>A. pseudoplatanus<\/em>), a korai juhar (<em>A. platanoides<\/em>), a magas k\u0151ris (<em>Fraxinus excelsior<\/em>), a magyar k\u0151ris (<em>F. angustifolia<\/em>), a hegyi szil (<em>Ulmus glabra<\/em>), illetve a h\u00e1rsfajok (<em>Tilia<\/em> spp.) ugyancsak a t\u00e1pn\u00f6v\u00e9nyei k\u00f6z\u00e9 tartoznak. 2018-ban vadcsereszny\u00e9b\u0151l (<em>Prunus avium<\/em>) is kimutatt\u00e1k.<\/p>\n<p>&nbsp;<\/p>\n<p>A bejegyz\u00e9s alapja: https:\/\/www.rovartani.hu\/ev-rovara\/2019-2\/<\/p>\n<div class=\"inpostadsfull\"><div style=\"margin:10px auto;text-align:center;\"><script async src=\"\/\/pagead2.googlesyndication.com\/pagead\/js\/adsbygoogle.js\"><\/script><!-- Dzs-recept-1 --><ins class=\"adsbygoogle\"     style=\"display:inline-block;width:728px;height:90px\"     data-ad-client=\"ca-pub-5246420517641697\"     data-ad-slot=\"3352945761\"><\/ins><script>(adsbygoogle = window.adsbygoogle || []).push({});<\/script><\/div><\/div>","protected":false},"excerpt":{"rendered":"<p>A 2019. \u00e9v rovara az internetes szavaz\u00e1son a legt\u00f6bb jel\u00f6l\u00e9st kapott faj, \u00e9s \u00edgy a 2019. \u00e9v rovara a havasi cinc\u00e9r.<\/p>\n","protected":false},"author":1,"featured_media":765,"comment_status":"open","ping_status":"closed","sticky":false,"template":"","format":"standard","meta":{"footnotes":""},"categories":[1],"tags":[327,295,296,297],"_links":{"self":[{"href":"http:\/\/www.dzs-z.hu\/tura\/wp-json\/wp\/v2\/posts\/764"}],"collection":[{"href":"http:\/\/www.dzs-z.hu\/tura\/wp-json\/wp\/v2\/posts"}],"about":[{"href":"http:\/\/www.dzs-z.hu\/tura\/wp-json\/wp\/v2\/types\/post"}],"author":[{"embeddable":true,"href":"http:\/\/www.dzs-z.hu\/tura\/wp-json\/wp\/v2\/users\/1"}],"replies":[{"embeddable":true,"href":"http:\/\/www.dzs-z.hu\/tura\/wp-json\/wp\/v2\/comments?post=764"}],"version-history":[{"count":1,"href":"http:\/\/www.dzs-z.hu\/tura\/wp-json\/wp\/v2\/posts\/764\/revisions"}],"predecessor-version":[{"id":766,"href":"http:\/\/www.dzs-z.hu\/tura\/wp-json\/wp\/v2\/posts\/764\/revisions\/766"}],"wp:featuredmedia":[{"embeddable":true,"href":"http:\/\/www.dzs-z.hu\/tura\/wp-json\/wp\/v2\/media\/765"}],"wp:attachment":[{"href":"http:\/\/www.dzs-z.hu\/tura\/wp-json\/wp\/v2\/media?parent=764"}],"wp:term":[{"taxonomy":"category","embeddable":true,"href":"http:\/\/www.dzs-z.hu\/tura\/wp-json\/wp\/v2\/categories?post=764"},{"taxonomy":"post_tag","embeddable":true,"href":"http:\/\/www.dzs-z.hu\/tura\/wp-json\/wp\/v2\/tags?post=764"}],"curies":[{"name":"wp","href":"https:\/\/api.w.org\/{rel}","templated":true}]}}