{"id":829,"date":"2020-11-08T07:43:29","date_gmt":"2020-11-08T07:43:29","guid":{"rendered":"http:\/\/www.dzs-z.hu\/tura\/?p=829"},"modified":"2021-11-08T07:50:40","modified_gmt":"2021-11-08T07:50:40","slug":"2021-ben-az-ev-gombaja-az-orias-bocskorosgomba","status":"publish","type":"post","link":"http:\/\/www.dzs-z.hu\/tura\/egyeb\/2021-ben-az-ev-gombaja-az-orias-bocskorosgomba","title":{"rendered":"2021-ben az \u00e9v gomb\u00e1ja az \u00f3ri\u00e1s bocskorosgomba"},"content":{"rendered":"<h3>2021-ben az \u00e9v gomb\u00e1ja az <strong>\u00f3ri\u00e1s bocskorosgomba<\/strong><\/h3>\n<p>Az <b>\u00f3ri\u00e1s bocskorosgomba<\/b> <i>(Volvariella bombycina)<\/i> a <a class=\"new\" title=\"Csengetty\u0171gombaf\u00e9l\u00e9k (a lap nem l\u00e9tezik)\" href=\"https:\/\/hu.wikipedia.org\/w\/index.php?title=Csengetty%C5%B1gombaf%C3%A9l%C3%A9k&amp;action=edit&amp;redlink=1\">csengetty\u0171gombaf\u00e9l\u00e9k<\/a> csal\u00e1dj\u00e1ba tartoz\u00f3, vil\u00e1gszerte elterjedt, lombos f\u00e1k t\u00f6rzs\u00e9n \u00e9l\u0151, ehet\u0151 gombafaj.<\/p>\n<p>Az \u00f3ri\u00e1s bocskorosgomba kalapja 8-15 cm sz\u00e9les, alakja fiatalon toj\u00e1sdad, majd harang alak\u00fab\u00f3l p\u00faposan kiter\u00fcl\u0151 lesz. Fel\u00fclete sz\u00e1raz, fiatalon selymes-bolyhos, k\u00e9s\u0151bb sz\u00e1las-pikkelyes. Sz\u00edne feh\u00e9res vagy halv\u00e1nys\u00e1rga.<\/p>\n<p>H\u00fasa puha, vizeny\u0151s; sz\u00edne feh\u00e9res. \u00cdze jellegtelen, szaga retekre eml\u00e9keztet.<\/p>\n<p>S\u0171r\u0171n \u00e1ll\u00f3, hasas, sz\u00e9les lemezei szabadon \u00e1llnak. Sz\u00edn\u00fck eleinte feh\u00e9r, k\u00e9s\u0151bb r\u00f3zs\u00e1s-h\u00fassz\u00edn\u0171.<\/p>\n<p>T\u00f6nkje 6-15 cm magas \u00e9s 1-2 cm vastag. Alakja hengeres, n\u00e9ha g\u00f6rb\u00fclt, a t\u00f6ve fel\u00e9 megvastagodik. Fel\u00fclete selymesen sz\u00e1las, sz\u00edne feh\u00e9res. T\u00f6v\u00e9n j\u00f3l fejlett okkers\u00e1rg\u00e1s vagy barn\u00e1s, h\u00e1rty\u00e1s bocskor tal\u00e1lhat\u00f3, amelynek k\u00fcls\u0151 fel\u00fclete foltosan felszakadozhat.<\/p>\n<p>Sp\u00f3rapora barn\u00e1sr\u00f3zsasz\u00edn. Sp\u00f3r\u00e1ja ellipszis alak\u00fa, sima, vastag fal\u00fa, m\u00e9rete 6\u20139 x 3,5\u20135 \u00b5m.<\/p>\n<div class=\"inpostadsfull\"><div style=\"margin:10px auto;text-align:center;\"><script async src=\"\/\/pagead2.googlesyndication.com\/pagead\/js\/adsbygoogle.js\"><\/script><!-- Dzs-recept-1 --><ins class=\"adsbygoogle\"     style=\"display:inline-block;width:728px;height:90px\"     data-ad-client=\"ca-pub-5246420517641697\"     data-ad-slot=\"3352945761\"><\/ins><script>(adsbygoogle = window.adsbygoogle || []).push({});<\/script><\/div><\/div>\n<h4><span id=\"Hasonl\u00f3_fajok\" class=\"mw-headline\">Hasonl\u00f3 fajok<\/span><\/h4>\n<p>\u00c9l\u0151helye \u00e9s bocskora alapj\u00e1n k\u00f6nnyen felismerhet\u0151, esetleg a talajon n\u00f6v\u0151, ny\u00e1lk\u00e1s kalap\u00fa <a title=\"Ragad\u00f3s bocskorosgomba\" href=\"https:\/\/hu.wikipedia.org\/wiki\/Ragad%C3%B3s_bocskorosgomba\">ragad\u00f3s bocskorosgomb\u00e1val<\/a> lehet \u00f6sszet\u00e9veszteni.<\/p>\n<h4><span id=\"Elterjed\u00e9se_\u00e9s_term\u0151helye\" class=\"mw-headline\">Elterjed\u00e9se \u00e9s term\u0151helye<\/span><\/h4>\n<p>Az <a title=\"Antarktisz\" href=\"https:\/\/hu.wikipedia.org\/wiki\/Antarktisz\">Antarktisz<\/a> kiv\u00e9tel\u00e9vel minden kontinensen megtal\u00e1lhat\u00f3. Magyarorsz\u00e1gon ritka, sz\u00f3rv\u00e1nyosan orsz\u00e1gszerte megtal\u00e1lhat\u00f3.<\/p>\n<p>\u00c9l\u0151 vagy elhalt lombos f\u00e1k t\u00f6rzs\u00e9n, tusk\u00f3j\u00e1n, esetleg odvaiban terem, esetenk\u00e9nt t\u00f6bb m\u00e9ter magasan; \u00e1ltal\u00e1ban egyes\u00e9vel, ritk\u00e1n t\u00f6bbedmag\u00e1val. Melegkedvel\u0151, f\u0151leg ligeterd\u0151kben, n\u00e9ha parkokban, temet\u0151kben fordul el\u0151. Leggyakrabban b\u00fckk\u00f6n, t\u00f6lgy\u00f6n, ny\u00e1rf\u00e1n \u00e9l. M\u00e1just\u00f3l okt\u00f3berig terem.<\/p>\n<p>Ehet\u0151, de nem t\u00fal \u00edzletes gomba. Magyarorsz\u00e1gon v\u00e9dett, term\u00e9szetv\u00e9delmi \u00e9rt\u00e9ke 5000 Ft.<\/p>\n<p>&nbsp;<\/p>\n<p>H\u00e9tv\u00e9g\u00e9n (okt\u00f3ber 16-18.) megrendez\u00e9sre ker\u00fclt az Orsz\u00e1gos Gombaki\u00e1ll\u00edt\u00e1s a Soroks\u00e1ri Botanikus Kertben, ahol kihirdet\u00e9sre ker\u00fclt a 2021. \u00c9v Gomb\u00e1ja.<\/p>\n<p>Az internetes szavaz\u00e1s a k\u00f6vetkez\u0151k\u00e9ppen alakult:<\/p>\n<p>k\u00e9sei laskagomba <strong>(<\/strong><em>Pleurotus ostreatus<\/em><strong>)<\/strong> 319 szavazat<\/p>\n<p>kocsony\u00e1s \u00e1lgereben <strong>(<\/strong><em>Pseudohydnum gelatinosum<\/em><strong>)<\/strong> 192 szavazat<\/p>\n<p>\u00f3ri\u00e1s bocskorosgomba <strong>(<\/strong><em>Volvariella bombycina<\/em><strong>)<\/strong> 397 szavazat<\/p>\n<p>&nbsp;<\/p>\n<p>A bejegyz\u00e9s alapja: <a href=\"https:\/\/www.gombanet.hu\/ev-gombaja-2021.-az-orias-bocskorosgomba\">https:\/\/www.gombanet.hu\/ev-gombaja-2021.-az-orias-bocskorosgomba<\/a> , <a href=\"https:\/\/hu.wikipedia.org\/wiki\/%C3%93ri%C3%A1s_bocskorosgomba\">https:\/\/hu.wikipedia.org\/wiki\/%C3%93ri%C3%A1s_bocskorosgomba<\/a><\/p>\n<div class=\"inpostadsfull\"><div style=\"margin:10px auto;text-align:center;\"><script async src=\"\/\/pagead2.googlesyndication.com\/pagead\/js\/adsbygoogle.js\"><\/script><!-- Dzs-recept-1 --><ins class=\"adsbygoogle\"     style=\"display:inline-block;width:728px;height:90px\"     data-ad-client=\"ca-pub-5246420517641697\"     data-ad-slot=\"3352945761\"><\/ins><script>(adsbygoogle = window.adsbygoogle || []).push({});<\/script><\/div><\/div>","protected":false},"excerpt":{"rendered":"<p>2021-ben az \u00e9v gomb\u00e1ja az \u00f3ri\u00e1s bocskorosgomba Az \u00f3ri\u00e1s bocskorosgomba (Volvariella bombycina) a csengetty\u0171gombaf\u00e9l\u00e9k csal\u00e1dj\u00e1ba tartoz\u00f3, vil\u00e1gszerte elterjedt, lombos f\u00e1k t\u00f6rzs\u00e9n \u00e9l\u0151, ehet\u0151 gombafaj. Az \u00f3ri\u00e1s bocskorosgomba kalapja 8-15 cm sz\u00e9les, alakja fiatalon toj\u00e1sdad, majd harang alak\u00fab\u00f3l p\u00faposan kiter\u00fcl\u0151 lesz. Fel\u00fclete sz\u00e1raz, fiatalon selymes-bolyhos, k\u00e9s\u0151bb sz\u00e1las-pikkelyes. Sz\u00edne feh\u00e9res vagy halv\u00e1nys\u00e1rga. H\u00fasa puha, vizeny\u0151s; sz\u00edne feh\u00e9res. [&hellip;]<\/p>\n","protected":false},"author":1,"featured_media":830,"comment_status":"closed","ping_status":"closed","sticky":false,"template":"","format":"standard","meta":{"footnotes":""},"categories":[1],"tags":[327,328,331,332],"_links":{"self":[{"href":"http:\/\/www.dzs-z.hu\/tura\/wp-json\/wp\/v2\/posts\/829"}],"collection":[{"href":"http:\/\/www.dzs-z.hu\/tura\/wp-json\/wp\/v2\/posts"}],"about":[{"href":"http:\/\/www.dzs-z.hu\/tura\/wp-json\/wp\/v2\/types\/post"}],"author":[{"embeddable":true,"href":"http:\/\/www.dzs-z.hu\/tura\/wp-json\/wp\/v2\/users\/1"}],"replies":[{"embeddable":true,"href":"http:\/\/www.dzs-z.hu\/tura\/wp-json\/wp\/v2\/comments?post=829"}],"version-history":[{"count":1,"href":"http:\/\/www.dzs-z.hu\/tura\/wp-json\/wp\/v2\/posts\/829\/revisions"}],"predecessor-version":[{"id":831,"href":"http:\/\/www.dzs-z.hu\/tura\/wp-json\/wp\/v2\/posts\/829\/revisions\/831"}],"wp:featuredmedia":[{"embeddable":true,"href":"http:\/\/www.dzs-z.hu\/tura\/wp-json\/wp\/v2\/media\/830"}],"wp:attachment":[{"href":"http:\/\/www.dzs-z.hu\/tura\/wp-json\/wp\/v2\/media?parent=829"}],"wp:term":[{"taxonomy":"category","embeddable":true,"href":"http:\/\/www.dzs-z.hu\/tura\/wp-json\/wp\/v2\/categories?post=829"},{"taxonomy":"post_tag","embeddable":true,"href":"http:\/\/www.dzs-z.hu\/tura\/wp-json\/wp\/v2\/tags?post=829"}],"curies":[{"name":"wp","href":"https:\/\/api.w.org\/{rel}","templated":true}]}}