{"id":362,"date":"2005-01-08T06:55:49","date_gmt":"2005-01-08T06:55:49","guid":{"rendered":"http:\/\/www.dzs-z.hu\/tura\/?p=362"},"modified":"2018-11-10T09:56:03","modified_gmt":"2018-11-10T09:56:03","slug":"budaors-szechenyi-hegy-tura-2005-01-08","status":"publish","type":"post","link":"https:\/\/www.dzs-z.hu\/tura\/budai\/budaors-szechenyi-hegy-tura-2005-01-08","title":{"rendered":"Buda\u00f6rs &#8211; Sz\u00e9chenyi-hegy t\u00fara 2005-01-08"},"content":{"rendered":"<h2>Buda\u00f6rs t\u00fara<\/h2>\n<p><b>A t\u00fara \u00fatvonala:<\/b><br \/>\nBuda\u00f6rs <a class=\"nolink\" title=\"Piros kereszt turista jelz\u00e9s\" href=\"\/tura\/turistajelzes\/index.html\"><img decoding=\"async\" class=\"turistajelzeskep\" src=\"\/images\/tura\/jelzesek\/piker1.gif\" alt=\"Piros kereszt turista jelz\u00e9s\" \/><\/a> &#8211; Sz\u00e1ll\u00e1s-hegy <a class=\"nolink\" title=\"Piros kereszt turista jelz\u00e9s\" href=\"\/tura\/turistajelzes\/index.html\"><img decoding=\"async\" class=\"turistajelzeskep\" src=\"\/images\/tura\/jelzesek\/piker1.gif\" alt=\"Piros kereszt turista jelz\u00e9s\" \/><\/a> &#8211; Farkas-hegy <a class=\"nolink\" title=\"Piros kereszt turista jelz\u00e9s\" href=\"\/tura\/turistajelzes\/index.html\"><img decoding=\"async\" class=\"turistajelzeskep\" src=\"\/images\/tura\/jelzesek\/piker1.gif\" alt=\"Piros kereszt turista jelz\u00e9s\" \/><\/a> &#8211; Rep\u00fcl\u00e9s-eml\u00e9km\u0171 <a class=\"nolink\" title=\"Piros kereszt turista jelz\u00e9s\" href=\"\/tura\/turistajelzes\/index.html\"><img decoding=\"async\" class=\"turistajelzeskep\" src=\"\/images\/tura\/jelzesek\/piker1.gif\" alt=\"Piros kereszt turista jelz\u00e9s\" \/><\/a> &#8211; Piktort\u00e9gla-\u00fcregek <a class=\"nolink\" title=\"Piros s\u00e1v turista jelz\u00e9s\" href=\"\/tura\/turistajelzes\/index.html\"><img decoding=\"async\" class=\"turistajelzeskep\" src=\"\/images\/tura\/jelzesek\/pisav1.gif\" alt=\"Piros s\u00e1v turista jelz\u00e9s\" \/><\/a> &#8211; Piktort\u00e9gla- \u00fcregek <a class=\"nolink\" title=\"S\u00e1rga C :: k\u00f6r\u00fat turista jelz\u00e9s\" href=\"\/tura\/turistajelzes\/index.html\"><img decoding=\"async\" class=\"turistajelzeskep\" src=\"\/images\/tura\/jelzesek\/sakor1.gif\" alt=\"S\u00e1rga C :: k\u00f6r\u00fat turista jelz\u00e9s\" \/><\/a> &#8211; Kakukk-hegy <a class=\"nolink\" title=\"Piros n\u00e9gysz\u00f6g turista jelz\u00e9s\" href=\"\/tura\/turistajelzes\/index.html\"><img decoding=\"async\" class=\"turistajelzeskep\" src=\"\/images\/tura\/jelzesek\/pihaz1.gif\" alt=\"Piros n\u00e9gysz\u00f6g turista jelz\u00e9s\" \/><\/a> &#8211; Kolacskovszky-turistah\u00e1z <a class=\"nolink\" title=\"Piros n\u00e9gysz\u00f6g turista jelz\u00e9s\" href=\"\/tura\/turistajelzes\/index.html\"><img decoding=\"async\" class=\"turistajelzeskep\" src=\"\/images\/tura\/jelzesek\/pihaz1.gif\" alt=\"Piros n\u00e9gysz\u00f6g turista jelz\u00e9s\" \/><\/a> <a class=\"nolink\" title=\"Piros C :: k\u00f6r\u00fat turista jelz\u00e9s\" href=\"\/tura\/turistajelzes\/index.html\"><img decoding=\"async\" class=\"turistajelzeskep\" src=\"\/images\/tura\/jelzesek\/pikor1.gif\" alt=\"Piros C :: k\u00f6r\u00fat turista jelz\u00e9s\" \/><\/a> &#8211; Gazdagr\u00e9t <a class=\"nolink\" title=\"Piros n\u00e9gysz\u00f6g turista jelz\u00e9s\" href=\"\/tura\/turistajelzes\/index.html\"><img decoding=\"async\" class=\"turistajelzeskep\" src=\"\/images\/tura\/jelzesek\/pihaz1.gif\" alt=\"Piros n\u00e9gysz\u00f6g turista jelz\u00e9s\" \/><\/a> <a class=\"nolink\" title=\"Piros kereszt turista jelz\u00e9s\" href=\"\/tura\/turistajelzes\/index.html\"><img decoding=\"async\" class=\"turistajelzeskep\" src=\"\/images\/tura\/jelzesek\/piker1.gif\" alt=\"Piros kereszt turista jelz\u00e9s\" \/><\/a> &#8211; Kil\u00e1t\u00f3-szikla <a class=\"nolink\" title=\"Z\u00f6ld h\u00e1romsz\u00f6g turista jelz\u00e9s\" href=\"\/tura\/turistajelzes\/index.html\"><img decoding=\"async\" class=\"turistajelzeskep\" src=\"\/images\/tura\/jelzesek\/zohar1.gif\" alt=\"Z\u00f6ld h\u00e1romsz\u00f6g turista jelz\u00e9s\" \/><\/a> &#8211; \u00d6rd\u00f6g-sz\u00e9k <a class=\"nolink\" title=\"Z\u00f6ld h\u00e1romsz\u00f6g turista jelz\u00e9s\" href=\"\/tura\/turistajelzes\/index.html\"><img decoding=\"async\" class=\"turistajelzeskep\" src=\"\/images\/tura\/jelzesek\/zohar1.gif\" alt=\"Z\u00f6ld h\u00e1romsz\u00f6g turista jelz\u00e9s\" \/><\/a> &#8211; Csilleb\u00e9rc <a class=\"nolink\" title=\"Z\u00f6ld h\u00e1romsz\u00f6g turista jelz\u00e9s\" href=\"\/tura\/turistajelzes\/index.html\"><img decoding=\"async\" class=\"turistajelzeskep\" src=\"\/images\/tura\/jelzesek\/zohar1.gif\" alt=\"Z\u00f6ld h\u00e1romsz\u00f6g turista jelz\u00e9s\" \/><\/a> &#8211; Ap\u00e1ca-r\u00e9t <a class=\"nolink\" title=\"Z\u00f6ld h\u00e1romsz\u00f6g turista jelz\u00e9s\" href=\"\/tura\/turistajelzes\/index.html\"><img decoding=\"async\" class=\"turistajelzeskep\" src=\"\/images\/tura\/jelzesek\/zohar1.gif\" alt=\"Z\u00f6ld h\u00e1romsz\u00f6g turista jelz\u00e9s\" \/><\/a> &#8211; Sz\u00e9chenyi-hegy <a class=\"nolink\" title=\"Z\u00f6ld s\u00e1v turista jelz\u00e9s\" href=\"\/tura\/turistajelzes\/index.html\"><img decoding=\"async\" class=\"turistajelzeskep\" src=\"\/images\/tura\/jelzesek\/zosav1.gif\" alt=\"Z\u00f6ld s\u00e1v turista jelz\u00e9s\" \/><\/a><\/p>\n<div class=\"thumb_wrapper margin_r20\" style=\"float: left;\"><a title=\"Kil\u00e1t\u00e1s a v\u00e1rosra\" href=\"\/kepinfo\/7\/39\/index.html\"><img decoding=\"async\" loading=\"lazy\" src=\"\/modules\/kepmutat.php?dir=7&amp;kep=39\" alt=\"Kil\u00e1t\u00e1s a v\u00e1rosra\" width=\"198\" height=\"146\" align=\"left\" \/><\/a><\/div>\n<p>Buda\u00f6rsre utaztunk ki a BKV j\u00e1rattal. A K\u0151-hegy ut\u00e1ni meg\u00e1ll\u00f3ban sz\u00e1lltunk le. Itt megkerest\u00fck a <a class=\"nolink\" title=\"Piros kereszt turista jelz\u00e9s\" href=\"\/tura\/turistajelzes\/index.html\"><img decoding=\"async\" class=\"turistajelzeskep\" src=\"\/images\/tura\/jelzesek\/piker1.gif\" alt=\"Piros kereszt turista jelz\u00e9s\" \/><\/a> jelz\u00e9st \u00e9s azon indultunk el a h\u00e1zak k\u00f6z\u00f6tt jobbra. N\u00e9hol a jelz\u00e9s hi\u00e1nyzott, de t\u00e9rk\u00e9p alapj\u00e1n j\u00f3l lehet k\u00f6vetni az \u00fatvonalat. Hamarosan egy felfel\u00e9 viv\u0151 \u00f6sv\u00e9nyen j\u00e1rtunk, ami sz\u0151l\u0151 \u00fcltetv\u00e9nyek mellett halad. Az utunk hamarosan elhagyta a lakott r\u00e9szt, \u00e9s egy erd\u0151s\u00e1von kereszt\u00fcl folytatjuk az utat felfel\u00e9. Egy\u00e1ltal\u00e1n nem neh\u00e9z az \u00fat. Igaz nem volt tal\u00e1ltuk t\u00fals\u00e1gosan kij\u00e1rt \u00f6sv\u00e9nyen, de \u00fagy n\u00e9zett ki, hogy haszn\u00e1lj\u00e1k, \u00e9s rendben tartj\u00e1k.<\/p>\n<p>&nbsp;<\/p>\n<div class=\"thumb_wrapper margin_r20\" style=\"float: right;\"><a title=\"Sz\u00e1ll\u00e1s-hegy\" href=\"\/kepinfo\/7\/40\/index.html\"><img decoding=\"async\" loading=\"lazy\" src=\"\/modules\/kepmutat.php?dir=7&amp;kep=40\" alt=\"Sz\u00e1ll\u00e1s-hegy\" width=\"198\" height=\"146\" align=\"right\" \/><\/a><\/div>\n<p>Az erd\u0151s\u00e1v ut\u00e1n sz\u00e9les teheraut\u00f3k \u00e1ltal is j\u00e1rt \u00fatra jutunk. Itt pillanthatjuk meg a Sz\u00e1ll\u00e1s-hegyet. Felm\u00e1szva sz\u00e9p kil\u00e1t\u00e1s ny\u00edlik a k\u00f6rny\u00e9kre, \u00e9s a k\u00f6zelben l\u00e9v\u0151 b\u00e1ny\u00e1ra is. Kicsit elid\u0151zt\u00fcnk itt, mert kellemes volt az id\u0151. Tov\u00e1bb az utunk az erd\u0151s\u00e1v mellett haladt, m\u00edg az el\u0151tt\u00fcnk l\u00e9v\u0151 hegy tetej\u00e9n meg nem pillantottuk a Rep\u00fcl\u00e9s-eml\u00e9km\u0171vet. Mikor itt j\u00e1rtunk az \u00fat rendesen ki volt j\u00e1rva, \u00e9s eml\u00e9keim szerinte egy r\u00f6vid, de alapos kaptat\u00f3t tartalmazott.<\/p>\n<p>&nbsp;<\/p>\n<div class=\"thumb_wrapper margin_r20\" style=\"float: left;\"><a title=\"Rep\u00fcl\u00e9s-eml\u00e9km\u0171 t\u00e1volr\u00f3l\" href=\"\/kepinfo\/7\/707\/index.html\"><img decoding=\"async\" loading=\"lazy\" src=\"\/modules\/kepmutat.php?dir=7&amp;kep=707\" alt=\"Rep\u00fcl\u00e9s-eml\u00e9km\u0171 t\u00e1volr\u00f3l\" width=\"198\" height=\"146\" align=\"left\" \/><\/a><\/div>\n<p>Az eml\u00e9km\u0171 egy a hegytet\u0151re \u00e1ll\u00edtott 5-6 m\u00e9ter hossz\u00fa sz\u00e1rnydarabb\u00f3l \u00e1ll. Oly m\u00f3don, mintha a k\u00f6zeli szikl\u00e1ba \u00e9kel\u0151d\u00f6tt volna. A k\u00f6zelben tal\u00e1ltunk egy \u00e9p\u00fclet maradv\u00e1nyait is, arr\u00f3l nem tudom, hogy mi lehet.\u00a0 P\u00e1r sz\u00e1z m\u00e9ter ut\u00e1n a<br \/>\n<a class=\"nolink\" title=\"Piros kereszt turista jelz\u00e9s\" href=\"\/tura\/turistajelzes\/index.html\"><img decoding=\"async\" class=\"turistajelzeskep\" src=\"\/images\/tura\/jelzesek\/piker1.gif\" alt=\"Piros kereszt turista jelz\u00e9s\" \/><\/a> turistajelz\u00e9sb\u0151l <a class=\"nolink\" title=\"Piros s\u00e1v turista jelz\u00e9s\" href=\"\/tura\/turistajelzes\/index.html\"><img decoding=\"async\" class=\"turistajelzeskep\" src=\"\/images\/tura\/jelzesek\/pisav1.gif\" alt=\"Piros s\u00e1v turista jelz\u00e9s\" \/><\/a> jelz\u00e9s lesz, majd a jelz\u00e9s tal\u00e1lkozik a <a class=\"nolink\" title=\"S\u00e1rga C :: k\u00f6r\u00fat turista jelz\u00e9s\" href=\"\/tura\/turistajelzes\/index.html\"><img decoding=\"async\" class=\"turistajelzeskep\" src=\"\/images\/tura\/jelzesek\/sakor1.gif\" alt=\"S\u00e1rga C :: k\u00f6r\u00fat turista jelz\u00e9s\" \/><\/a><br \/>\njelz\u00e9ssel. Mi ezen folytattunk az utunk.<br \/>\nAz eml\u00e9khely ut\u00e1n hamar \u00fajra erd\u0151vel bor\u00edtott r\u00e9szre jutottunk, \u00edgy utunk a Piktort\u00e9gla-\u00fcregekig m\u00e1r ott haladt. Mint a helysz\u00ednen l\u00e1ttuk, val\u00f3sz\u00edn\u0171leg amely onnan kapta a nev\u00e9t, hogy annak a bizonyos t\u00e9gl\u00e1nak az agyasos alapanyag\u00e1t innen termelt\u00e9k ki. Le lehet menni az \u00fcregekbe, de sok mindent nem fogunk ott tal\u00e1lni :).<\/p>\n<div class=\"thumb_wrapper margin_r20\" style=\"float: right;\"><a title=\"Let\u00f6r\u00f6tt fa\u00e1g\" href=\"\/kepinfo\/7\/47\/index.html\"><img decoding=\"async\" loading=\"lazy\" src=\"\/modules\/kepmutat.php?dir=7&amp;kep=47\" alt=\"Let\u00f6r\u00f6tt fa\u00e1g\" width=\"198\" height=\"146\" align=\"right\" \/><\/a><\/div>\n<p>A <a class=\"nolink\" title=\"S\u00e1rga C :: k\u00f6r\u00fat turista jelz\u00e9s\" href=\"\/tura\/turistajelzes\/index.html\"><img decoding=\"async\" class=\"turistajelzeskep\" src=\"\/images\/tura\/jelzesek\/sakor1.gif\" alt=\"S\u00e1rga C :: k\u00f6r\u00fat turista jelz\u00e9s\" \/><\/a> turistajelz\u00e9sen j\u00e1rtunk ekkor. Az erd\u0151 ezen szakasza kellemes, k\u00f6nnyen j\u00e1rhat\u00f3. A Kakukk-hegy fel\u00e9 tart\u00f3 \u00fat nem volt igaz\u00e1n meredek. A Kakukk-hegyn\u00e9l tal\u00e1lkoztunk a <a class=\"nolink\" title=\"Piros n\u00e9gysz\u00f6g turista jelz\u00e9s\" href=\"\/tura\/turistajelzes\/index.html\"><img decoding=\"async\" class=\"turistajelzeskep\" src=\"\/images\/tura\/jelzesek\/pihaz1.gif\" alt=\"Piros n\u00e9gysz\u00f6g turista jelz\u00e9s\" \/><\/a> jelz\u00e9ssel, \u00e9s azon folytattuk az utunk. A Kolacskovszky turistah\u00e1zn\u00e1l beiktattunk egy kis pihen\u0151t \u00e9s n\u00e9zel\u0151d\u00e9st, a v\u00e1rost lehetne innen l\u00e1tni, ha nem \u00e1llna szmogban. A turistah\u00e1zat elhagyva a <a class=\"nolink\" title=\"Piros n\u00e9gysz\u00f6g turista jelz\u00e9s\" href=\"\/tura\/turistajelzes\/index.html\"><img decoding=\"async\" class=\"turistajelzeskep\" src=\"\/images\/tura\/jelzesek\/pihaz1.gif\" alt=\"Piros n\u00e9gysz\u00f6g turista jelz\u00e9s\" \/><\/a><br \/>\njelz\u00e9shez csatlakozott a <a class=\"nolink\" title=\"Piros C :: k\u00f6r\u00fat turista jelz\u00e9s\" href=\"\/tura\/turistajelzes\/index.html\"><img decoding=\"async\" class=\"turistajelzeskep\" src=\"\/images\/tura\/jelzesek\/pikor1.gif\" alt=\"Piros C :: k\u00f6r\u00fat turista jelz\u00e9s\" \/><\/a> jelz\u00e9s is, a k\u00f6z\u00f6s szakaszon indultunk tov\u00e1bb.<\/p>\n<p>&nbsp;<\/p>\n<div class=\"thumb_wrapper margin_r20\" style=\"float: left;\"><a title=\"Gazdagr\u00e9ti h\u00e1z\" href=\"\/kepinfo\/7\/712\/index.html\"><img decoding=\"async\" loading=\"lazy\" src=\"\/modules\/kepmutat.php?dir=7&amp;kep=712\" alt=\"Gazdagr\u00e9ti h\u00e1z\" width=\"198\" height=\"146\" align=\"left\" \/><\/a><\/div>\n<p>Utunk kis erdei s\u00e9ta ut\u00e1n vissza\u00e9rkezett a v\u00e1rosba. \u00c9s a h\u00e1zak k\u00f6z\u00f6tt, p\u00e1r utc\u00e1n kanyarogva kellett a jelz\u00e9s\u00fcnk k\u00f6vetni. Ekkor a <a class=\"nolink\" title=\"Piros n\u00e9gysz\u00f6g turista jelz\u00e9s\" href=\"\/tura\/turistajelzes\/index.html\"><img decoding=\"async\" class=\"turistajelzeskep\" src=\"\/images\/tura\/jelzesek\/pihaz1.gif\" alt=\"Piros n\u00e9gysz\u00f6g turista jelz\u00e9s\" \/><\/a> \u00e9s a <a class=\"nolink\" title=\"Piros kereszt turista jelz\u00e9s\" href=\"\/tura\/turistajelzes\/index.html\"><img decoding=\"async\" class=\"turistajelzeskep\" src=\"\/images\/tura\/jelzesek\/piker1.gif\" alt=\"Piros kereszt turista jelz\u00e9s\" \/><\/a> turista jelz\u00e9st haszn\u00e1ltuk.<br \/>\nKis s\u00e9ta ut\u00e1n az egyik utca v\u00e9g\u00e9ben feljutottunk a Kil\u00e1t\u00f3-szikla magass\u00e1g\u00e1ba. \u00dagy d\u00f6nt\u00f6tt\u00fcnk, hogy a <a class=\"nolink\" title=\"Z\u00f6ld h\u00e1romsz\u00f6g turista jelz\u00e9s\" href=\"\/tura\/turistajelzes\/index.html\"><img decoding=\"async\" class=\"turistajelzeskep\" src=\"\/images\/tura\/jelzesek\/zohar1.gif\" alt=\"Z\u00f6ld h\u00e1romsz\u00f6g turista jelz\u00e9s\" \/><\/a> jelz\u00e9st k\u00f6vetve megn\u00e9zz\u00fck az \u00d6rd\u00f6g-szikl\u00e1t is.<br \/>\nEz a k\u00e9t magas pont nincs messze a telep\u00fcl\u00e9st\u0151l, \u00e9s remek kil\u00e1t\u00e1s t\u00e1rul a szem\u00fcnk el\u00e9. Persze a teljes \u00f6r\u00f6mh\u00f6z hozz\u00e1tartozna az is, hogy a k\u00e9pgal\u00e9ri\u00e1ban l\u00e1tott szem\u00e9ttelep felsz\u00e1mol\u00e1sra ker\u00fclj\u00f6n.<a title=\"Jelz\u0151oszlop a Kil\u00e1t\u00f3-szikl\u00e1n\u00e1l\" href=\"\/kepinfo\/7\/718\/index.html\"><img decoding=\"async\" loading=\"lazy\" src=\"\/modules\/kepmutat.php?dir=7&amp;kep=718\" alt=\"Jelz\u0151oszlop a Kil\u00e1t\u00f3-szikl\u00e1n\u00e1l\" width=\"198\" height=\"146\" align=\"right\" \/><\/a><\/p>\n<p>Az utunk tov\u00e1bbi r\u00e9sz\u00e9n a <a class=\"nolink\" title=\"Z\u00f6ld h\u00e1romsz\u00f6g turista jelz\u00e9s\" href=\"\/tura\/turistajelzes\/index.html\"><img decoding=\"async\" class=\"turistajelzeskep\" src=\"\/images\/tura\/jelzesek\/zohar1.gif\" alt=\"Z\u00f6ld h\u00e1romsz\u00f6g turista jelz\u00e9s\" \/><\/a> jelz\u00e9sen ment\u00fcnk.<br \/>\nCsilleb\u00e9rcre vezetett be az \u00fat el\u0151sz\u00f6r, ott kicsit elbujtatt\u00e1k a jelz\u00e9seket, de hamar megtal\u00e1ltuk a hegyoldalon levezet\u0151 \u00f6sv\u00e9nyt. Itt egy kicsit neh\u00e9z lehet a terep, ha es\u0151 ut\u00e1n jut ide valaki, de persze nem teljes\u00edthetetlen. A Farkas-v\u00f6lgybe vezet le a jelz\u00e9s, ut\u00e1na m\u00e1r csak a szomsz\u00e9dos hegyre kell felm\u00e1szni. Innen m\u00e1r j\u00f3l l\u00e1tni a Telev\u00edzi\u00f3ad\u00f3 tornyot.<br \/>\nVan egy kis kegyhely \u00fatk\u00f6zben, de sima \u00fat vezet fel a dombra.<a title=\"A szmog hat\u00e1r\u00e1n\" href=\"\/kepinfo\/7\/44\/index.html\"><img decoding=\"async\" loading=\"lazy\" src=\"\/modules\/kepmutat.php?dir=7&amp;kep=44\" alt=\"A szmog hat\u00e1r\u00e1n\" width=\"198\" height=\"146\" align=\"left\" \/><\/a><\/p>\n<p>Innen az \u00fat k\u00f6nny\u0171, \u00e9s egyre t\u00f6bb emberrel tal\u00e1lkoztunk, szinte lehetetlen elt\u00e9vedni, ak\u00e1r t\u00e9rk\u00e9p n\u00e9lk\u00fcl is megtal\u00e1lhatjuk a Sz\u00e9chenyi-hegyi fogaskerek\u0171 v\u00e9g\u00e1llom\u00e1st. Tal\u00e1n itt m\u00e9g a <a class=\"nolink\" title=\"Z\u00f6ld s\u00e1v turista jelz\u00e9s\" href=\"\/tura\/turistajelzes\/index.html\"><img decoding=\"async\" class=\"turistajelzeskep\" src=\"\/images\/tura\/jelzesek\/zosav1.gif\" alt=\"Z\u00f6ld s\u00e1v turista jelz\u00e9s\" \/><\/a> jelz\u00e9sre kellett \u00e1tt\u00e9rni, de olyan r\u00f6vid a t\u00e1v, hogy nem is kell figyelni a t\u00e9rk\u00e9pet. R\u00f6vid kis t\u00fara volt, de j\u00f3 id\u0151 volt, \u00e9s kellemes a hangulat.<br \/>\n\u00c9pp el\u00e9rt\u00fck, az indul\u00f3 vonatot, \u00edgy besz\u00e1lltunk, \u00e9s indultunk le a hegyr\u0151l. Ha a j\u00e1ratot nem is n\u00e9zz\u00fck meg, akkor is csak p\u00e1r percet kell v\u00e1rni, mert j\u00f3 a k\u00f6zleked\u00e9s.<\/p>\n<div class=\"thumb_wrapper margin_r20\" style=\"float: right;\"><a title=\"Szallonn\u00e1z\u00f3 hely \" href=\"\/kepinfo\/7\/46\/index.html\"><img decoding=\"async\" loading=\"lazy\" src=\"\/modules\/kepmutat.php?dir=7&amp;kep=46\" alt=\"Szallonn\u00e1z\u00f3 hely \" width=\"198\" height=\"146\" align=\"right\" \/><\/a><\/div>\n<p>Akik egy kicsit t\u00f6bbre v\u00e1gynak, mint s\u00e9t\u00e1lni egyet a hegyen, \u00e9s esetleg egy piknik keret\u00e9ben szalonna s\u00fct\u00e9sre is v\u00e1llalkoznak, akkor itt megeml\u00edtem, hogy tal\u00e1ltunk fenn egy ki\u00e9p\u00edtett szalonna-s\u00fct\u0151t, b\u00e1r pontosan nem tudom, hogy ez egy szabad hely, vagy pedig a k\u00f6zelben lak\u00f3k saj\u00e1t kialak\u00edt\u00e1s\u00fa helye.<br \/>\nA term\u00e9szetben val\u00f3 s\u00fct\u00f6get\u00e9snek teljesen m\u00e1s a hangulata. Persze, van aki a k\u00e9nyelmet, a sz\u00e1raz f\u00e1t \u00e9s hogy a h\u00e1zba bemenek\u00fclhet t\u00f6bbre \u00e9rt\u00e9kelni. Nekem az ilyen t\u00f6bbet jelent, \u00e9s jobban is esik az \u00e9tel.<\/p>\n<ul>\n<li>A t\u00fara k\u00e9peit megtekintheti a k\u00f6vetkez\u0151 gal\u00e9ri\u00e1ban: <a title=\"Buda\u00f6rs - Sz\u00e9chenyi-hegy k\u00e9p gal\u00e9ria\" href=\"\/galeria\/7\/index.html\">Buda\u00f6rs &#8211; Sz\u00e9chenyi-hegy k\u00e9p gal\u00e9ria<\/a>.<\/li>\n<li>Egy\u00e9b t\u00far\u00e1z\u00e1ssal kapcsolatos k\u00e9pgal\u00e9ri\u00e1k: <a title=\"Dzs-z.hu t\u00fara, turista k\u00e9p gal\u00e9ri\u00e1k\" href=\"\/galeriak\/index.html\">Dzs-z.hu k\u00e9p gal\u00e9ri\u00e1k<\/a>.<\/li>\n<\/ul>\n<div class=\"inpostadsfull\"><div style=\"margin:10px auto;text-align:center;\"><script async src=\"\/\/pagead2.googlesyndication.com\/pagead\/js\/adsbygoogle.js\"><\/script><!-- Dzs-recept-1 --><ins class=\"adsbygoogle\"     style=\"display:inline-block;width:728px;height:90px\"     data-ad-client=\"ca-pub-5246420517641697\"     data-ad-slot=\"3352945761\"><\/ins><script>(adsbygoogle = window.adsbygoogle || []).push({});<\/script><\/div><\/div>","protected":false},"excerpt":{"rendered":"<p>Buda\u00f6rsr\u0151l indultunk, hogy arr\u00f3l az oldalr\u00f3l k\u00f6zel\u00edts\u00fck meg a Sz\u00e9chenyi-hegyet \u00e9s a fogaskerek\u0171t.<\/p>\n","protected":false},"author":1,"featured_media":363,"comment_status":"closed","ping_status":"closed","sticky":false,"template":"","format":"standard","meta":{"footnotes":""},"categories":[80],"tags":[81,82,44,83,5,6],"_links":{"self":[{"href":"https:\/\/www.dzs-z.hu\/tura\/wp-json\/wp\/v2\/posts\/362"}],"collection":[{"href":"https:\/\/www.dzs-z.hu\/tura\/wp-json\/wp\/v2\/posts"}],"about":[{"href":"https:\/\/www.dzs-z.hu\/tura\/wp-json\/wp\/v2\/types\/post"}],"author":[{"embeddable":true,"href":"https:\/\/www.dzs-z.hu\/tura\/wp-json\/wp\/v2\/users\/1"}],"replies":[{"embeddable":true,"href":"https:\/\/www.dzs-z.hu\/tura\/wp-json\/wp\/v2\/comments?post=362"}],"version-history":[{"count":2,"href":"https:\/\/www.dzs-z.hu\/tura\/wp-json\/wp\/v2\/posts\/362\/revisions"}],"predecessor-version":[{"id":729,"href":"https:\/\/www.dzs-z.hu\/tura\/wp-json\/wp\/v2\/posts\/362\/revisions\/729"}],"wp:featuredmedia":[{"embeddable":true,"href":"https:\/\/www.dzs-z.hu\/tura\/wp-json\/wp\/v2\/media\/363"}],"wp:attachment":[{"href":"https:\/\/www.dzs-z.hu\/tura\/wp-json\/wp\/v2\/media?parent=362"}],"wp:term":[{"taxonomy":"category","embeddable":true,"href":"https:\/\/www.dzs-z.hu\/tura\/wp-json\/wp\/v2\/categories?post=362"},{"taxonomy":"post_tag","embeddable":true,"href":"https:\/\/www.dzs-z.hu\/tura\/wp-json\/wp\/v2\/tags?post=362"}],"curies":[{"name":"wp","href":"https:\/\/api.w.org\/{rel}","templated":true}]}}