{"id":388,"date":"2014-04-02T09:18:54","date_gmt":"2014-04-02T09:18:54","guid":{"rendered":"http:\/\/www.dzs-z.hu\/tura\/?p=388"},"modified":"2014-11-02T09:52:01","modified_gmt":"2014-11-02T09:52:01","slug":"godolloi-dombsag-300-as-csucsai","status":"publish","type":"post","link":"https:\/\/www.dzs-z.hu\/tura\/jelvenyszerzo\/godolloi-dombsag-300-as-csucsai","title":{"rendered":"G\u00f6d\u00f6ll\u0151i Dombs\u00e1g 300-as cs\u00facsai G\u00f6d\u00f6ll\u0151i 300-as t\u00fara"},"content":{"rendered":"<h4>G\u00f6d\u00f6ll\u0151i Dombs\u00e1g 300-as cs\u00facsai G\u00f6d\u00f6ll\u0151i 300-as t\u00fara<\/h4>\n<p>A mozgalom elnevez\u00e9se a G\u00d6D\u00d6LL\u0150I-DOMBS\u00c1G CS\u00daCSAI Jelv\u00e9nyszerz\u0151 t\u00faramozgalom, amelyet az \u00daTVONALK\u00d6VET\u0150K KLUBJA szervezi. Jelenlegi is akt\u00edv jelv\u00e9nyszerz\u0151 mozgalom.<\/p>\n<p>A G\u00f6d\u00f6ll\u0151i Dombs\u00e1g 300-as cs\u00facsai G\u00f6d\u00f6ll\u0151i 300-as t\u00fara le\u00edr\u00e1sa, ismertet\u00e9se<\/p>\n<p>Kedves sportt\u00e1rs!<\/p>\n<p>Nem kis feladat teljes\u00edt\u00e9s\u00e9re v\u00e1llalkozott: a term\u00e9szetj\u00e1r\u00f3k el\u0151tt <strong>jobb\u00e1ra m\u00e9g mindig ismeretlen G\u00f6d\u00f6ll\u0151i-dombs\u00e1g ter\u00fclet\u00e9n tal\u00e1lhat\u00f3 12, 300 m\u00e9tern\u00e9l magasabb cs\u00facsot kell felkeresni<\/strong>. A t\u00far\u00e1khoz sz\u00fcks\u00e9g lesz a G\u00f6d\u00f6ll\u0151i-dombs\u00e1g turistat\u00e9rk\u00e9p\u00e9re, vagy m\u00e1s, a ter\u00fcletet \u00e1br\u00e1zol\u00f3 (pl. katonai) t\u00e9rk\u00e9pre. Seg\u00edts\u00e9gk\u00e9ppen a k\u00f6vetkez\u0151kben adunk le\u00edr\u00e1st minden cs\u00facs hely\u00e9r\u0151l, \u00e9s a Klub honlapj\u00e1r\u00f3l pedig (http:\/\/ukk.atw.hu) egyes ter\u00fcletr\u00e9szekr\u0151l t\u00e9rk\u00e9pv\u00e1zlat t\u00f6lthet\u0151 le.<\/p>\n<p>Igazol\u00e1s m\u00f3dja:<\/p>\n<p>A cs\u00facsokon a cs\u00facsk\u0151re vagy annak k\u00f6zel\u00e9ben (a cs\u00facson) tal\u00e1lhat\u00f3 f\u00e1ra vagy egy\u00e9b terept\u00e1rgyra festett h\u00e1romjegy\u0171, feh\u00e9r sz\u00edn\u0171 igazol\u00f3sz\u00e1m feljegyz\u00e9se az igazol\u00f3lap erre fenntartott hely\u00e9re. Ha ez megrong\u00e1l\u00f3dott vagy megsemmis\u00fclt, akkor a t\u00far\u00e1z\u00f3t \u00e9s a helysz\u00ednt egy\u00fctt \u00e1br\u00e1zol\u00f3 fot\u00f3t is elfogadunk igazol\u00e1sul. (Ha valaki ilyet tapasztal, k\u00e9rj\u00fck, \u00e9rtes\u00edtse a szervez\u0151ket!) Megfelel\u0151 az adott cs\u00facsot \u00e9rint\u0151 teljes\u00edtm\u00e9nyt\u00fara b\u00e9lyegz\u0151j\u00e9nek lenyomata is.<\/p>\n<p>D\u00edjaz\u00e1s:<\/p>\n<p>kit\u0171z\u0151 \u00e9s n\u00e9vre sz\u00f3l\u00f3 oklev\u00e9l. A k\u00e9sz, kit\u00f6lt\u00f6tt igazol\u00f3lapot el kell juttatni a d\u00edjaz\u00e1s aktu\u00e1lis \u00e1r\u00e1nak (jelenleg 300 Ft) \u00e9s egy felb\u00e9lyegzett, saj\u00e1t n\u00e9vre felc\u00edmzett v\u00e1laszbor\u00edt\u00e9knak t\u00e1rsas\u00e1g\u00e1ban a<\/p>\n<p>Gethe L\u00e1szl\u00f3 2117 Isaszeg, \u00c1prilis 6. utca 70. c\u00edmre, a d\u00edjaz\u00e1st a ki\u00e9rt\u00e9kel\u00e9s ut\u00e1n megk\u00fcldj\u00fck, a teljes\u00edt\u0151k n\u00e9vsor\u00e1t pedig k\u00f6zz\u00e9tessz\u00fck a Klub honlapj\u00e1n.<\/p>\n<p>Tov\u00e1bbi inform\u00e1ci\u00f3: Gethe L\u00e1szl\u00f3 30\/5241277,\u00a0 gethe.laszlo@c2.hu<\/p>\n<p>Kellemes id\u0151t\u00f6lt\u00e9st, sz\u00e9p t\u00far\u00e1kat k\u00edv\u00e1n az \u00datvonalk\u00f6vet\u0151k Klubja<\/p>\n<h4>Le\u00edr\u00e1s G\u00f6d\u00f6ll\u0151i Dombs\u00e1g 300-as cs\u00facsair\u00f3l bet\u0171rendben<\/h4>\n<h5>Bajtemet\u00e9s (315,9 m):<\/h5>\n<p>P\u00e9celt\u0151l d\u00e9li ir\u00e1nyban, egy felhagyott katonai ter\u00fcleten van a cs\u00facs, rajta geod\u00e9ziai torony (annak fal\u00e1n a sz\u00e1m). Megk\u00f6zel\u00edthet\u0151 P\u00e9celr\u0151l m\u0171\u00faton a Nemzeti T\u00f6rt\u00e9neti Eml\u00e9kparkig, majd onnan egy f\u00f6ld\u00faton, illetve a piros jelz\u00e9sb\u0151l ki\u00e1gaz\u00f3 piros +, majd piros h\u00e1romsz\u00f6g jeleken.<\/p>\n<h5>Bolnoka (322,5 m):<\/h5>\n<p>A Z jelz\u00e9s\u0171 turista\u00fat \u00fatt\u00f6r\u00e9s\u00e9t\u0151l \u00c9K-i ir\u00e1nyban tal\u00e1lhat\u00f3, cs\u00facsk\u0151vel jelzett mell\u00e9kcs\u00facsot kell felkeresn\u00fcnk.<\/p>\n<h5>Boncsok-hegy (317,3 m):<\/h5>\n<p>A t\u00e1vvezet\u00e9kt\u0151l DK-i ir\u00e1nyban, s\u0171r\u0171 aljn\u00f6v\u00e9nyzet\u0171 fiatalosban tal\u00e1ljuk a cs\u00facsk\u00f6vet. T\u0151le \u00c9K-i ir\u00e1nyban h\u00faz\u00f3dik egy \u00c9Ny-DK ir\u00e1ny\u00fa szek\u00e9r\u00fat, arr\u00f3l \u00e9rdemes pr\u00f3b\u00e1lkozni.<\/p>\n<p>TJ: A szek\u00e9r\u00fatr\u00f3l viszonylag k\u00f6nny\u0171 megtal\u00e1lni. A szek\u00e9r\u00fat legmagasabb pontj\u00e1r\u00f3l \u00e9rdemes bev\u00e1gni a fiatalosba, 30m-re lehet az \u00fatt\u00f3l, term\u00e9szetesen a k\u00f6rny\u00e9k legmagasabb pontj\u00e1n. Valaki elkezdte sz\u00e9tszedni a cs\u00facsk\u00f6vet, lassan a term\u00e9szet befejezi a feladatot. (2014-11-01)<\/p>\n<h5>B\u00f3dis-hegy (323,2 m):<\/h5>\n<p>A S jelz\u00e9s\u0171 szek\u00e9r\u00fat \u00e9s a nyilad\u00e9k metsz\u00e9spontj\u00e1ban tal\u00e1ljuk a k\u00f3dot (cs\u00facsk\u0151 nincs!).<\/p>\n<h5>Gyerty\u00e1nos (326,2 m):<\/h5>\n<p>Mogyor\u00f3d k\u00f6zs\u00e9gt\u0151l d\u00e9lre, a Z h\u00e1romsz\u00f6g jelz\u00e9s ment\u00e9n. Cs\u00facs\u00e1n \u00e1ll a Szent L\u00e1szl\u00f3 kil\u00e1t\u00f3 \u00e9s k\u00e1polna. A sz\u00e1m a kil\u00e1t\u00f3 melletti \u00f6reg f\u00e1n \u00e9s a k\u00e1polna m\u00f6g\u00f6tti k\u00e9k sz\u00edn\u0171 hord\u00f3kon tal\u00e1lhat\u00f3.<\/p>\n<h5>Juharos (307,9 m):<\/h5>\n<p>A Valk\u00f3i Erd\u00e9szet vadaskertj\u00e9ben tal\u00e1lhat\u00f3, a piros h\u00e1romsz\u00f6g jelz\u00e9s ment\u00e9n. A cs\u00facsk\u00f6vet mi sem tal\u00e1ltuk meg, a cs\u00facs \u00e9s egy magasles k\u00f6zel\u00e9ben, az \u00fat \u00c9K-i oldal\u00e1n l\u00e9v\u0151 hat\u00e1rkar\u00f3 sz\u00e1m\u00e1t \u00edrjuk fel (mellette egy f\u00e1n feh\u00e9r h\u00e1romsz\u00f6gek)! Figyelem! Az Erd\u00e9szet id\u0151szakosan megtilthatja a bel\u00e9p\u00e9st a ter\u00fcletre! Ekkor ne k\u00eds\u00e9relj\u00fcnk meg bemenni!!!<\/p>\n<h5>K\u00e1lv\u00e1ria-hegy (306,6 m):<\/h5>\n<p>A Honv\u00e9ds\u00edrokt\u00f3l (Isaszeg) DNy-i ir\u00e1nyban, a jelzett k\u00f6ves\u00fatr\u00f3l a ker\u00edt\u00e9ssarokn\u00e1l (\u00e1ltal\u00e1ban illeg\u00e1lis szem\u00e9tdomb) a nyilad\u00e9kba a ker\u00edt\u00e9s ment\u00e9n DNy fel\u00e9 kell let\u00e9rni, ahonnan feh\u00e9r h\u00e1romsz\u00f6gek vezetnek a cs\u00facsk\u0151h\u00f6z.<\/p>\n<h5>Magyalos-tet\u0151 (309,1 m):<\/h5>\n<p>A beker\u00edtett ter\u00fcleten tal\u00e1lhat\u00f3 a cs\u00facs (a cs\u00facsk\u00f6vet a bej\u00e1r\u00e1skor mi sem tal\u00e1ltuk meg), a S jelz\u00e9s k\u00f6zel\u00e9ben. A cs\u00facst\u00f3l \u00c9Ny-ra l\u00e9v\u0151 nyeregn\u00e9l egy ker\u00edt\u00e9skapun be tudunk menni a turista\u00fatr\u00f3l (jellegfa a fiatalosban), innen n\u00e9mi boz\u00f3tharc \u00e1r\u00e1n juthatunk fel a cs\u00facsra. (A jellegf\u00e1n l\u00e9v\u0151 sz\u00e1m is megfelel\u0151 lehet.)<\/p>\n<h5>Margita (344,2 m):<\/h5>\n<p>Megtal\u00e1l\u00e1sa nem okozhat gondot, a Pest megyei piros jelz\u00e9s \u00e1tvezet rajta. A sz\u00e1m a geod\u00e9ziai torony bej\u00e1rattal ellent\u00e9tes oldal\u00e1n tal\u00e1lhat\u00f3. (Ha nem tal\u00e1ljuk, jegyezz\u00fck fel a torony t\u00f6v\u00e9ben tal\u00e1lhat\u00f3 s\u00edreml\u00e9ken l\u00e9v\u0151 nevet!)<\/p>\n<h5>\u00d6reg-hegy I. (304,0 m):<\/h5>\n<p>A Z jelz\u00e9s\u0171 \u00fat aut\u00f3p\u00e1lya-fel\u00fclj\u00e1r\u00f3j\u00e1t\u00f3l (k\u00e9k sz\u00edn\u0171 korl\u00e1t) egy ker\u00edt\u00e9st megker\u00fclve, vagy k\u00e9tszer \u00e1tb\u00fajva az \u00c9Ny-DK ir\u00e1ny\u00fa nyilad\u00e9kban tal\u00e1ljuk magunkat, \u00e9s att\u00f3l \u00c9K-i ir\u00e1nyban egy jellegzetes kiemelked\u00e9sen tal\u00e1ljuk a cs\u00facsot (a nyilad\u00e9kb\u00f3l n\u00e9h\u00e1ny felfestett feh\u00e9r h\u00e1romsz\u00f6g is kalauzol).<\/p>\n<p>TJ: Valamilyen &#8222;Diszn\u00f3-nyereg&#8221; elnevez\u00e9s\u0171 helyen, a 38-as vad\u00e1szles k\u00f6zel\u00e9ben van a j\u00f3l l\u00e1that\u00f3 magass\u00e1gi pont, aminek a tetej\u00e9n megtal\u00e1lhat\u00f3 a cs\u00facsk\u0151. (2014-11-01)<\/p>\n<h5>\u00d6reg-hegy II. (307,3 m):<\/h5>\n<p>A mikrohull\u00e1m\u00fa \u00e1llom\u00e1s mellett, az oda felvezet\u0151 m\u0171\u00fat v\u00e9g\u00e9n\u00e9l, egy f\u00fcves r\u00e9szen tal\u00e1ljuk a cs\u00facsk\u00f6vet, sz\u00e1m a k\u0151 h\u00e1tulj\u00e1n (ha nem tal\u00e1ljuk, \u00edrjuk le, hogy h\u00e1ny emelet magas a mikrohull\u00e1m\u00fa \u00e1llom\u00e1s \u00e9p\u00fclete!)<\/p>\n<p>TJ:Sajnos 2014-ben m\u00e1r nem tal\u00e1ltuk meg a cs\u00facsk\u00f6vet. Elk\u00e9pzelhet\u0151, hogy abb\u00f3l k\u00e9sz\u00edtett oda valaki egy eml\u00e9khelyet. (2014-11-01)<\/p>\n<h5>Sz\u00e1r-hegy (325,4 m):<\/h5>\n<p>A S h\u00e1romsz\u00f6g turista\u00fat vezet \u00e1t rajta, a cs\u00facs\u00e1n egy kis tiszt\u00e1s tal\u00e1lhat\u00f3. A sz\u00e1m a tiszt\u00e1s sz\u00e9l\u00e9n \u00e1ll\u00f3 \u00f6reg f\u00e1n van, az \u00f6sv\u00e9nyr\u0151l j\u00f3l l\u00e1that\u00f3.<\/p>\n<p>A <a title=\"A G\u00f6d\u00f6ll\u0151i-dombs\u00e1g cs\u00facsai igazol\u00f3 f\u00fczet\" href=\"\/images\/tura\/jelvenyszerzo\/docs\/godolloicsucs.pdf\">G\u00fcd\u00f6ll\u0151i-dombs\u00e1g cs\u00facsai igazol\u00f3f\u00fczete innen let\u00f6lthet\u0151.<\/a><\/p>\n<hr \/>\n<h3>B\u00e9lyegz\u00e9si helyek:<\/h3>\n<table border=\"0\" cellspacing=\"2\" cellpadding=\"2\">\n<tbody>\n<tr>\n<th class=\"tarh-nev\"><\/th>\n<th class=\"tarh-fej\">Telep\u00fcl\u00e9s neve<\/th>\n<th class=\"tarh-fej\">Cs\u00facs neve<\/th>\n<th class=\"tarh-fej\">Pontos\u00edt\u00e1s id\u0151pontja<\/th>\n<th class=\"tarh-fej\">Meghat\u00e1rozta<\/th>\n<th class=\"tarh-fej\">Felkerest\u00fck<\/th>\n<\/tr>\n<tr>\n<td class=\"tarh-cim\">1<\/td>\n<td class=\"tarh-ert\">P\u00e9cel<\/td>\n<td class=\"tarh-ert\">Bajtemet\u00e9s<\/td>\n<td class=\"tarh-ert\">2008-01-01<\/td>\n<td class=\"tarh-ert\">UKK<\/td>\n<td class=\"tarh-ert\"><\/td>\n<\/tr>\n<tr>\n<td class=\"tarh-cim\">2<\/td>\n<td class=\"tarh-ert\">Bolonka<\/td>\n<td class=\"tarh-ert\">Bolonka<\/td>\n<td class=\"tarh-ert\">2008-01-01<\/td>\n<td class=\"tarh-ert\">UKK<\/td>\n<td class=\"tarh-ert\"><\/td>\n<\/tr>\n<tr>\n<td class=\"tarh-cim\">3<\/td>\n<td class=\"tarh-ert\">Boncsok-hegy<\/td>\n<td class=\"tarh-ert\">Boncsok-hegy<\/td>\n<td class=\"tarh-ert\">2008-01-01<\/td>\n<td class=\"tarh-ert\">Tat\u00e1r J\u00f3zsef<\/td>\n<td class=\"tarh-ert\">2014-11-01<\/td>\n<\/tr>\n<tr>\n<td class=\"tarh-cim\">4<\/td>\n<td class=\"tarh-ert\">B\u00f3dis-hegy<\/td>\n<td class=\"tarh-ert\">B\u00f3dis-hegy<\/td>\n<td class=\"tarh-ert\">2008-01-01<\/td>\n<td class=\"tarh-ert\">UKK<\/td>\n<td class=\"tarh-ert\"><\/td>\n<\/tr>\n<tr>\n<td class=\"tarh-cim\">5<\/td>\n<td class=\"tarh-ert\">Mogyor\u00f3d<\/td>\n<td class=\"tarh-ert\">Gyerty\u00e1nos<\/td>\n<td class=\"tarh-ert\">2008-01-01<\/td>\n<td class=\"tarh-ert\">UKK<\/td>\n<td class=\"tarh-ert\"><\/td>\n<\/tr>\n<tr>\n<td class=\"tarh-cim\">6<\/td>\n<td class=\"tarh-ert\">Valk\u00f3<\/td>\n<td class=\"tarh-ert\">Juharos<\/td>\n<td class=\"tarh-ert\">2008-01-01<\/td>\n<td class=\"tarh-ert\">UKK<\/td>\n<td class=\"tarh-ert\"><\/td>\n<\/tr>\n<tr>\n<td class=\"tarh-cim\">7<\/td>\n<td class=\"tarh-ert\">Isaszeg<\/td>\n<td class=\"tarh-ert\">K\u00e1lv\u00e1ria-hegy<\/td>\n<td class=\"tarh-ert\">2008-01-01<\/td>\n<td class=\"tarh-ert\">UKK<\/td>\n<td class=\"tarh-ert\"><\/td>\n<\/tr>\n<tr>\n<td class=\"tarh-cim\">8<\/td>\n<td class=\"tarh-ert\">Magyalos-tet\u00f5<\/td>\n<td class=\"tarh-ert\">Magyalos-tet\u00f5<\/td>\n<td class=\"tarh-ert\">2008-01-01<\/td>\n<td class=\"tarh-ert\">UKK<\/td>\n<td class=\"tarh-ert\"><\/td>\n<\/tr>\n<tr>\n<td class=\"tarh-cim\">9<\/td>\n<td class=\"tarh-ert\">Margita<\/td>\n<td class=\"tarh-ert\">Margita<\/td>\n<td class=\"tarh-ert\">2008-01-01<\/td>\n<td class=\"tarh-ert\">UKK<\/td>\n<td class=\"tarh-ert\"><\/td>\n<\/tr>\n<tr>\n<td class=\"tarh-cim\">10<\/td>\n<td class=\"tarh-ert\">\u00d6reg-hegy I.<\/td>\n<td class=\"tarh-ert\">\u00d6reg-hegy I.<\/td>\n<td class=\"tarh-ert\">2008-01-01<\/td>\n<td class=\"tarh-ert\">Tat\u00e1r J\u00f3zsef<\/td>\n<td class=\"tarh-ert\">2014-11-01<\/td>\n<\/tr>\n<tr>\n<td class=\"tarh-cim\">11<\/td>\n<td class=\"tarh-ert\">\u00d6reg-hegy II.<\/td>\n<td class=\"tarh-ert\">\u00d6reg-hegy II.<\/td>\n<td class=\"tarh-ert\">2008-01-01<\/td>\n<td class=\"tarh-ert\">UKK<\/td>\n<td class=\"tarh-ert\"><\/td>\n<\/tr>\n<tr>\n<td class=\"tarh-cim\">12<\/td>\n<td class=\"tarh-ert\">Sz\u00e1r-hegy<\/td>\n<td class=\"tarh-ert\">Sz\u00e1r-hegy<\/td>\n<td class=\"tarh-ert\">2008-01-01<\/td>\n<td class=\"tarh-ert\">UKK<\/td>\n<td class=\"tarh-ert\"><\/td>\n<\/tr>\n<\/tbody>\n<\/table>\n<div class=\"inpostadsfull\"><div style=\"margin:10px auto;text-align:center;\"><script async src=\"\/\/pagead2.googlesyndication.com\/pagead\/js\/adsbygoogle.js\"><\/script><!-- Dzs-recept-1 --><ins class=\"adsbygoogle\"     style=\"display:inline-block;width:728px;height:90px\"     data-ad-client=\"ca-pub-5246420517641697\"     data-ad-slot=\"3352945761\"><\/ins><script>(adsbygoogle = window.adsbygoogle || []).push({});<\/script><\/div><\/div>","protected":false},"excerpt":{"rendered":"<p>G\u00f6d\u00f6ll\u0151i Dombs\u00e1g 300-as cs\u00facsai G\u00f6d\u00f6ll\u0151i 300-as t\u00fara A mozgalom elnevez\u00e9se a G\u00d6D\u00d6LL\u0150I-DOMBS\u00c1G CS\u00daCSAI Jelv\u00e9nyszerz\u0151 t\u00faramozgalom, amelyet az \u00daTVONALK\u00d6VET\u0150K KLUBJA szervezi. Jelenlegi is akt\u00edv jelv\u00e9nyszerz\u0151 mozgalom. A G\u00f6d\u00f6ll\u0151i Dombs\u00e1g 300-as cs\u00facsai G\u00f6d\u00f6ll\u0151i 300-as t\u00fara le\u00edr\u00e1sa, ismertet\u00e9se Kedves sportt\u00e1rs! Nem kis feladat teljes\u00edt\u00e9s\u00e9re v\u00e1llalkozott: a term\u00e9szetj\u00e1r\u00f3k el\u0151tt jobb\u00e1ra m\u00e9g mindig ismeretlen G\u00f6d\u00f6ll\u0151i-dombs\u00e1g ter\u00fclet\u00e9n tal\u00e1lhat\u00f3 12, 300 m\u00e9tern\u00e9l [&hellip;]<\/p>\n","protected":false},"author":1,"featured_media":389,"comment_status":"closed","ping_status":"closed","sticky":false,"template":"","format":"standard","meta":{"footnotes":""},"categories":[31],"tags":[65,93,68,60,34,5],"_links":{"self":[{"href":"https:\/\/www.dzs-z.hu\/tura\/wp-json\/wp\/v2\/posts\/388"}],"collection":[{"href":"https:\/\/www.dzs-z.hu\/tura\/wp-json\/wp\/v2\/posts"}],"about":[{"href":"https:\/\/www.dzs-z.hu\/tura\/wp-json\/wp\/v2\/types\/post"}],"author":[{"embeddable":true,"href":"https:\/\/www.dzs-z.hu\/tura\/wp-json\/wp\/v2\/users\/1"}],"replies":[{"embeddable":true,"href":"https:\/\/www.dzs-z.hu\/tura\/wp-json\/wp\/v2\/comments?post=388"}],"version-history":[{"count":1,"href":"https:\/\/www.dzs-z.hu\/tura\/wp-json\/wp\/v2\/posts\/388\/revisions"}],"predecessor-version":[{"id":390,"href":"https:\/\/www.dzs-z.hu\/tura\/wp-json\/wp\/v2\/posts\/388\/revisions\/390"}],"wp:featuredmedia":[{"embeddable":true,"href":"https:\/\/www.dzs-z.hu\/tura\/wp-json\/wp\/v2\/media\/389"}],"wp:attachment":[{"href":"https:\/\/www.dzs-z.hu\/tura\/wp-json\/wp\/v2\/media?parent=388"}],"wp:term":[{"taxonomy":"category","embeddable":true,"href":"https:\/\/www.dzs-z.hu\/tura\/wp-json\/wp\/v2\/categories?post=388"},{"taxonomy":"post_tag","embeddable":true,"href":"https:\/\/www.dzs-z.hu\/tura\/wp-json\/wp\/v2\/tags?post=388"}],"curies":[{"name":"wp","href":"https:\/\/api.w.org\/{rel}","templated":true}]}}