{"id":662,"date":"2014-05-07T08:32:04","date_gmt":"2014-05-07T08:32:04","guid":{"rendered":"http:\/\/www.dzs-z.hu\/tura\/?p=662"},"modified":"2017-05-07T08:52:32","modified_gmt":"2017-05-07T08:52:32","slug":"vertesi-panorama-tanosveny","status":"publish","type":"post","link":"https:\/\/www.dzs-z.hu\/tura\/egyeb\/csaladi-kirandulas\/vertesi-panorama-tanosveny","title":{"rendered":"V\u00e9rtesi Panor\u00e1ma tan\u00f6sv\u00e9ny"},"content":{"rendered":"<h3>V\u00e9rtesi Panor\u00e1ma tan\u00f6sv\u00e9ny<\/h3>\n<p>A tan\u00f6sv\u00e9ny hossza: 4.6km,<\/p>\n<p>A tan\u00f6sv\u00e9ny szintk\u00fcl\u00f6nbs\u00e9ge: 100m<\/p>\n<p>A tan\u00f6sv\u00e9ny kiindul\u00f3 pontja: 8073 Cs\u00e1kber\u00e9ny, Istv\u00e1n u. 66. (Gr\u00f3f Mer\u00e1n F\u00fcl\u00f6p m\u00fazeum m\u00f6g\u00f6tt indul)<\/p>\n<h4>V\u00e9rtesi Panor\u00e1ma tan\u00f6sv\u00e9ny ismertet\u00e9se<\/h4>\n<p>A term\u00e9szetben val\u00f3 akt\u00edv pihen\u00e9s mellett annak jobb megismer\u00e9s\u00e9t is szolg\u00e1lja a 4,6 km hossz\u00fas\u00e1g\u00fa, a V\u00e9rtes tal\u00e1n legszebb kil\u00e1t\u00f3pontj\u00e1t is \u00e9rint\u0151\u00a0V\u00e9rtesi Panor\u00e1ma\u00a0tan\u00f6sv\u00e9ny. A kir\u00e1ndul\u00f3k itt megismerhetik a V\u00e9rtes hegys\u00e9g d\u00e9li lejt\u0151inek \u00e9s v\u00f6lgyeinek jellemz\u0151 term\u00e9szetes \u00e9s ember alkotta term\u00e9szeti k\u00f6rnyezet\u00e9t. A talajviszonyokt\u00f3l \u00e9s domborzatt\u00f3l f\u00fcgg\u0151en sziklagyepek, karsztbokorerd\u0151k, sz\u00e1raz t\u00f6lgyesek, b\u00fckk\u00f6s\u00f6k, cseresek \u00e9s kult\u00farerd\u0151k v\u00e1ltj\u00e1k egym\u00e1st. Mik\u00f6zben \u00e9lvezz\u00fck a term\u00e9szetet \u00e9s a t\u00e1j sz\u00e9ps\u00e9geit, az \u00fatvonal ment\u00e9n kihelyezett t\u00e1j\u00e9koztat\u00f3 t\u00e1bl\u00e1k seg\u00edts\u00e9g\u00e9vel megismerkedhet\u00fcnk az erd\u0151nevel\u00e9s \u00e9s kop\u00e1r f\u00e1s\u00edt\u00e1s nem k\u00f6zismert, de sokszor embert pr\u00f3b\u00e1l\u00f3 kih\u00edv\u00e1saival.<\/p>\n<h4>V\u00e9rtesi Panor\u00e1ma tan\u00f6sv\u00e9ny egy\u00e9b adatok<\/h4>\n<ul>\n<li>4610 m\u00e9ter hossz\u00fa, hozz\u00e1vet\u0151leg 100 m\u00e9ter szintk\u00fcl\u00f6nbs\u00e9g\u0171, a kiindul\u00f3ponthoz visszat\u00e9r\u0151, egyedi t\u00e1bl\u00e1kkal \u00e9s felfest\u00e9ssel jel\u00f6lt \u00fatvonal<\/li>\n<li>8 db inform\u00e1ci\u00f3s t\u00e1bl\u00e1kkal ell\u00e1tott \u00e1llom\u00e1s, a kezd\u0151\u00e1llom\u00e1son \u00e1ltal\u00e1nos t\u00e1j\u00e9koztat\u00f3 inform\u00e1ci\u00f3kkal \u00e9s az erd\u0151l\u00e1togat\u00e1s vonatkoz\u00f3 \u00edrott-\u00e9s \u00edratlan szab\u00e1lyaival, az \u00fatvonalon l\u00e9v\u0151 tov\u00e1bbi \u00e1llom\u00e1sokon az adott helysz\u00ednen jellemz\u0151 erd\u00e9szeti &#8211; szakmai \u00e9s\/vagy t\u00f6rt\u00e9neti le\u00edr\u00e1ssal, a panor\u00e1ma kil\u00e1t\u00f3pontj\u00e1n\u00e1l l\u00e9v\u0151 fot\u00f3 domborzati vet\u00fcleti \u00e1br\u00e1n nevekkel egy\u00fctt mutatja a k\u00f6rnyezetben l\u00e1that\u00f3 v\u00f6lgyrendszert<\/li>\n<li>&#8222;M\u00e1riak\u00e9p&#8221; kegyhely<\/li>\n<li>Turisztikai l\u00e9tes\u00edtm\u00e9nyek: 4 \u00e1llom\u00e1son \u00f6sszesen 6 garnit\u00fara r\u00f6nk pad \u00e9s asztal (tov\u00e1bbiak l\u00e9tes\u00edt\u00e9se tervezett), 4 szemetes illetve az indul\u00f3\u00e1llom\u00e1son kialak\u00edtott kijel\u00f6lt t\u0171zrak\u00f3 hely (f\u0151z\u00e9si lehet\u0151s\u00e9g). Mosd\u00f3 lehet\u0151s\u00e9g k\u00f6zvetlen\u00fcl el\u00e9rhet\u0151 a m\u00fazeumban.<\/li>\n<li>Megfelel\u0151 ker\u00e9kp\u00e1rral \u00e9s l\u00f3val is l\u00e1togathat\u00f3<\/li>\n<li>Geol\u00f3giai, botanikai \u00e9s zool\u00f3giai k\u00fcl\u00f6nlegess\u00e9gek<\/li>\n<\/ul>\n<p>&nbsp;<\/p>\n<p>A bejegyz\u00e9s alapja: http:\/\/www.provertes.hu\/index.php\/turizmus\/tanosvenyek-turajavaslatok\/38-vertesi-panorama-tanosveny<\/p>\n<p>&nbsp;<\/p>\n<div class=\"inpostadsfull\"><div style=\"margin:10px auto;text-align:center;\"><script async src=\"\/\/pagead2.googlesyndication.com\/pagead\/js\/adsbygoogle.js\"><\/script><!-- Dzs-recept-1 --><ins class=\"adsbygoogle\"     style=\"display:inline-block;width:728px;height:90px\"     data-ad-client=\"ca-pub-5246420517641697\"     data-ad-slot=\"3352945761\"><\/ins><script>(adsbygoogle = window.adsbygoogle || []).push({});<\/script><\/div><\/div>","protected":false},"excerpt":{"rendered":"<p>V\u00e9rtesi Panor\u00e1ma tan\u00f6sv\u00e9ny A tan\u00f6sv\u00e9ny hossza: 4.6km, A tan\u00f6sv\u00e9ny szintk\u00fcl\u00f6nbs\u00e9ge: 100m A tan\u00f6sv\u00e9ny kiindul\u00f3 pontja: 8073 Cs\u00e1kber\u00e9ny, Istv\u00e1n u. 66. (Gr\u00f3f Mer\u00e1n F\u00fcl\u00f6p m\u00fazeum m\u00f6g\u00f6tt indul) V\u00e9rtesi Panor\u00e1ma tan\u00f6sv\u00e9ny ismertet\u00e9se A term\u00e9szetben val\u00f3 akt\u00edv pihen\u00e9s mellett annak jobb megismer\u00e9s\u00e9t is szolg\u00e1lja a 4,6 km hossz\u00fas\u00e1g\u00fa, a V\u00e9rtes tal\u00e1n legszebb kil\u00e1t\u00f3pontj\u00e1t is \u00e9rint\u0151\u00a0V\u00e9rtesi Panor\u00e1ma\u00a0tan\u00f6sv\u00e9ny. A kir\u00e1ndul\u00f3k [&hellip;]<\/p>\n","protected":false},"author":1,"featured_media":663,"comment_status":"open","ping_status":"closed","sticky":false,"template":"","format":"standard","meta":{"footnotes":""},"categories":[167],"tags":[232,172,233,170,5,231,230,229],"_links":{"self":[{"href":"https:\/\/www.dzs-z.hu\/tura\/wp-json\/wp\/v2\/posts\/662"}],"collection":[{"href":"https:\/\/www.dzs-z.hu\/tura\/wp-json\/wp\/v2\/posts"}],"about":[{"href":"https:\/\/www.dzs-z.hu\/tura\/wp-json\/wp\/v2\/types\/post"}],"author":[{"embeddable":true,"href":"https:\/\/www.dzs-z.hu\/tura\/wp-json\/wp\/v2\/users\/1"}],"replies":[{"embeddable":true,"href":"https:\/\/www.dzs-z.hu\/tura\/wp-json\/wp\/v2\/comments?post=662"}],"version-history":[{"count":1,"href":"https:\/\/www.dzs-z.hu\/tura\/wp-json\/wp\/v2\/posts\/662\/revisions"}],"predecessor-version":[{"id":664,"href":"https:\/\/www.dzs-z.hu\/tura\/wp-json\/wp\/v2\/posts\/662\/revisions\/664"}],"wp:featuredmedia":[{"embeddable":true,"href":"https:\/\/www.dzs-z.hu\/tura\/wp-json\/wp\/v2\/media\/663"}],"wp:attachment":[{"href":"https:\/\/www.dzs-z.hu\/tura\/wp-json\/wp\/v2\/media?parent=662"}],"wp:term":[{"taxonomy":"category","embeddable":true,"href":"https:\/\/www.dzs-z.hu\/tura\/wp-json\/wp\/v2\/categories?post=662"},{"taxonomy":"post_tag","embeddable":true,"href":"https:\/\/www.dzs-z.hu\/tura\/wp-json\/wp\/v2\/tags?post=662"}],"curies":[{"name":"wp","href":"https:\/\/api.w.org\/{rel}","templated":true}]}}