{"id":709,"date":"2018-09-23T20:27:15","date_gmt":"2018-09-23T20:27:15","guid":{"rendered":"http:\/\/www.dzs-z.hu\/tura\/?p=709"},"modified":"2018-09-23T21:03:15","modified_gmt":"2018-09-23T21:03:15","slug":"piros-bukki-fovonal-jelvenyszerzo-turamozgalom","status":"publish","type":"post","link":"https:\/\/www.dzs-z.hu\/tura\/bukk\/piros-bukki-fovonal-jelvenyszerzo-turamozgalom","title":{"rendered":"Piros B\u00fckki F\u0151vonal jelv\u00e9nyszerz\u0151 t\u00faramozgalom"},"content":{"rendered":"<h3>Piros B\u00fckki F\u0151vonal jelv\u00e9nyszerz\u0151 t\u00faramozgalom<\/h3>\n<blockquote><p>Z\u00f6ld Sportok Clubja c\u00e9gb\u00edr\u00f3s\u00e1gi bejegyz\u00e9se 22. \u00e9vfordul\u00f3j\u00e1n, 2015. m\u00e1rcius 24-\u00e9n ki\u00edrt Piros B\u00fckki F\u0151vonal elnevez\u00e9s\u0171 jelv\u00e9nyszerz\u0151 t\u00faramozgalmunk.<\/p><\/blockquote>\n<p class=\"moze-justify\"><u>A t\u00faramozgalom c\u00e9lja:<\/u> A B\u00fckk-hegys\u00e9g turista f\u0151\u00fatvonalai k\u00f6z\u00fcl a B\u00fckki K\u00e9k 73 km, a s\u00e1rga s\u00e1v jelz\u00e9s\u0171 Jubileumi K\u00f6rt\u00fara 79 km hossz\u00fas\u00e1g\u00fa. Ezekn\u00e9l is hosszabb azonban az Eger \u00e9s Miskolc k\u00f6z\u00f6tti piros s\u00e1v jelz\u00e9s, amely egy hajt\u0171kanyarral most m\u00e1r Miskolcon, k\u00f6zelebbr\u0151l Fels\u0151-Majl\u00e1thon, az 1-es villamos v\u00e9g\u00e1llom\u00e1s\u00e1r\u00f3l is megk\u00f6zel\u00edthet\u0151. E turista f\u0151\u00fatvonal megismer\u00e9s\u00e9t \u00e9s v\u00e9gigj\u00e1r\u00e1s\u00e1t c\u00e9lozza sportegyes\u00fclet\u00fcnk, a Z\u00f6ld Sportok Clubja c\u00e9gb\u00edr\u00f3s\u00e1gi bejegyz\u00e9se 22. \u00e9vfordul\u00f3j\u00e1n, 2015. m\u00e1rcius 24-\u00e9n ki\u00edrt Piros B\u00fckki F\u0151vonal elnevez\u00e9s\u0171 jelv\u00e9nyszerz\u0151 t\u00faramozgalmunk.<\/p>\n<p class=\"moze-justify\"><u>Feladat:<\/u> Az \u00fatvonal v\u00e9gigj\u00e1r\u00e1sa egy\u00e9nileg vagy csoportosan, tetsz\u0151leges id\u0151ben \u00e9s szakaszokban, tetsz\u0151leges ir\u00e1nyban, gyalogosan vagy ker\u00e9kp\u00e1ron.<\/p>\n<p class=\"moze-justify\"><u>Az igazol\u00e1s m\u00f3dja:<\/u> A legink\u00e1bb k\u00f6rnyezetk\u00edm\u00e9l\u0151 m\u00f3don a terepen e jelv\u00e9nyszerz\u0151 mozgalomra semmif\u00e9le jelz\u00e9s nem utal. A 22 ellen\u0151rz\u0151 pont felkeres\u00e9s\u00e9nek igazol\u00e1s\u00e1ra a helysz\u00ednen k\u00e9sz\u00fclt olyan f\u00e9nyk\u00e9peket fogadunk el a f\u00fczet megfelel\u0151 hely\u00e9re beragasztva, amin a t\u00far\u00e1z\u00f3 is felismerhet\u0151.<\/p>\n<div class=\"moze-justify\">Az igazol\u00f3f\u00fczetek egys\u00e9gesen 400 Ft\/db + postak\u00f6lts\u00e9g \u00e1ron ig\u00e9nyelhet\u0151ek Miskolcon Kov\u00e1cs Attil\u00e1t\u00f3l (3532 Miskolc, B\u00edr\u00f3 u. 10., kovacsagabor@gmail.com) \u00e9s K\u00e9ki N\u00f3r\u00e1t\u00f3l (keki.nora@gmail.com),\u00a0Egerben Nagy R\u00f3bertt\u0151l (nrobi88@gmail.com), valamint\u00a0megv\u00e1s\u00e1rolhat\u00f3ak<\/div>\n<div class=\"moze-justify\">a rendezv\u00e9nyeinken.<\/div>\n<p class=\"moze-justify\"><u>Jutalom:<\/u> A t\u00faramozgalom teljes\u00edt\u0151i a f\u00e9nyk\u00e9pekkel ell\u00e1tott \u00e9s visszak\u00fcld\u00f6tt igazol\u00f3f\u00fczet alapj\u00e1n \u00f6nk\u00f6lts\u00e9gi \u00e1r + postak\u00f6lts\u00e9g\u00e9rt kit\u0171z\u0151t kapnak.<\/p>\n<h4><u>A Piros B\u00fckki F\u0151vonal \u00fatvonala (d\u0151lt bet\u0171kkel az igazol\u00f3 pontok):<\/u><\/h4>\n<p class=\"moze-justify\"><i>Egerv\u00e1r vas\u00fati meg\u00e1ll\u00f3<\/i> &#8211; Nagy-Eged (<i>Dob\u00f3 Istv\u00e1n-kil\u00e1t\u00f3<\/i>) &#8211; V\u00e1rk\u00fat &#8211; <i>K\u00f6vesdi kil\u00e1t\u00f3<\/i> &#8211; T\u00f6r\u00f6k \u00fat &#8211; <i>V\u00f6lgyf\u0151-h\u00e1z<\/i> &#8211; <i>Hossz\u00fa-v\u00f6lgyi erd\u00e9szlak<\/i> &#8211; H\u00f3r-v\u00f6lgy &#8211; <i>Tebe-puszta<\/i> &#8211; Holl\u00f3stet\u0151 &#8211; <i>Szinva-forr\u00e1s<\/i> &#8211; Lillaf\u00fcred &#8211; <i>H\u00e1mori-t\u00f3<\/i> &#8211; <i>Szepesi-r\u00e9t<\/i> &#8211; <i>K\u00fchne-eml\u00e9kt\u00e1bla<\/i> &#8211; <i>J\u00e1vork\u00fati-t\u00f3<\/i> &#8211; B\u00e1nk\u00fat (<i>Cz\u00e9kus Mikl\u00f3s-Repei Zolt\u00e1n-eml\u00e9kt\u00e1bla<\/i>) Cz\u00e9kus \u00fat &#8211; Szentl\u00e9lek (<i>Herman Ott\u00f3 turistah\u00e1z<\/i>) &#8211; <i>Moln\u00e1r-szikla<\/i> &#8211; Maj\u00e1lis-park &#8211; <i>Pap\u00edrgy\u00e1r<\/i> &#8211; Fels\u0151-Majl\u00e1th (<i>gyalogh\u00edd a Szinv\u00e1n<\/i>) &#8211; M\u00f3ra Ferenc utca &#8211; <i>Vadas Jen\u0151-forr\u00e1s<\/i> &#8211; Feh\u00e9rk\u0151l\u00e1pa &#8211; <i>\u00c1fony\u00e1s<\/i> &#8211; B\u00fckkszentkereszt &#8211; S\u0171r\u0171-b\u00e9rc &#8211; Szederbokor (<i>Sz\u00e9chenyi eml\u00e9kfa<\/i>) &#8211; V\u00f6r\u00f6s-k\u0151 &#8211; Miskolc-Tapolca (<i>Cs\u00f3nak\u00e1z\u00f3-t\u00f3<\/i>)<\/p>\n<p><u><b>\u00datvonalv\u00e1ltoz\u00e1s(!):<\/b><\/u><\/p>\n<p class=\"moze-justify\">A B.-A.-Z. Megyei Term\u00e9szetj\u00e1r\u00f3 Sz\u00f6vets\u00e9g a turistautak 2016 novemberi fel\u00fclvizsg\u00e1latakor m\u00f3dos\u00edtotta a Piros B\u00fckki F\u0151vonal nyomvonal\u00e1t. A m\u00f3dos\u00edt\u00e1s k\u00f6vetkezt\u00e9ben a piros jelz\u00e9s Egerv\u00e1r vas\u00fati meg\u00e1ll\u00f3t\u00f3l a Miskolc-Tapolcai cs\u00f3nak\u00e1z\u00f3t\u00f3ig tart, \u00edgy az ebben a f\u00fczetben jelzett \u00fatvonal utols\u00f3 k\u00e9t ellen\u0151rz\u0151pontja,<\/p>\n<div class=\"text_exposed_show moze-justify\">\n<p><b>Koml\u00f3stet\u0151 (Lomb utcai t\u00e9r) \u00e9s a Di\u00f3sgy\u0151rvasgy\u00e1r &#8211; 2-es villamos v\u00e9g\u00e1llom\u00e1s<\/b><\/p>\n<p class=\"moze-justify\">m\u00e1r nem az \u00fatvonal r\u00e9sze. Az ezut\u00e1n kiadott igazol\u00f3f\u00fczetekben ezek a pontok m\u00e1r nem fognak szerepelni, a m\u00e1r kiadottakat pedig ezek n\u00e9lk\u00fcl a pontok (fot\u00f3k) n\u00e9lk\u00fcl is \u00e9rv\u00e9nyesnek fogadjuk el. Ha valaki m\u00e1r felkereste, vagy ezut\u00e1n m\u00e9gis felkeresi \u0151ket, az term\u00e9szetesen nem h\u00e1tr\u00e1ny.<\/p>\n<\/div>\n<p>&nbsp;<\/p>\n<p>A bejegyz\u00e9s alapja: http:\/\/zoldsc.mozello.hu\/tmozg\/pbf\/<\/p>\n<div class=\"inpostadsfull\"><div style=\"margin:10px auto;text-align:center;\"><script async src=\"\/\/pagead2.googlesyndication.com\/pagead\/js\/adsbygoogle.js\"><\/script><!-- Dzs-recept-1 --><ins class=\"adsbygoogle\"     style=\"display:inline-block;width:728px;height:90px\"     data-ad-client=\"ca-pub-5246420517641697\"     data-ad-slot=\"3352945761\"><\/ins><script>(adsbygoogle = window.adsbygoogle || []).push({});<\/script><\/div><\/div>","protected":false},"excerpt":{"rendered":"<p>Z\u00f6ld Sportok Clubja c\u00e9gb\u00edr\u00f3s\u00e1gi bejegyz\u00e9se 22. \u00e9vfordul\u00f3j\u00e1n, 2015. m\u00e1rcius 24-\u00e9n ki\u00edrt Piros B\u00fckki F\u0151vonal elnevez\u00e9s\u0171 jelv\u00e9nyszerz\u0151 t\u00faramozgalmunk.<\/p>\n","protected":false},"author":1,"featured_media":710,"comment_status":"closed","ping_status":"closed","sticky":false,"template":"","format":"standard","meta":{"footnotes":""},"categories":[2,31],"tags":[3,34,262,228,263],"_links":{"self":[{"href":"https:\/\/www.dzs-z.hu\/tura\/wp-json\/wp\/v2\/posts\/709"}],"collection":[{"href":"https:\/\/www.dzs-z.hu\/tura\/wp-json\/wp\/v2\/posts"}],"about":[{"href":"https:\/\/www.dzs-z.hu\/tura\/wp-json\/wp\/v2\/types\/post"}],"author":[{"embeddable":true,"href":"https:\/\/www.dzs-z.hu\/tura\/wp-json\/wp\/v2\/users\/1"}],"replies":[{"embeddable":true,"href":"https:\/\/www.dzs-z.hu\/tura\/wp-json\/wp\/v2\/comments?post=709"}],"version-history":[{"count":3,"href":"https:\/\/www.dzs-z.hu\/tura\/wp-json\/wp\/v2\/posts\/709\/revisions"}],"predecessor-version":[{"id":713,"href":"https:\/\/www.dzs-z.hu\/tura\/wp-json\/wp\/v2\/posts\/709\/revisions\/713"}],"wp:featuredmedia":[{"embeddable":true,"href":"https:\/\/www.dzs-z.hu\/tura\/wp-json\/wp\/v2\/media\/710"}],"wp:attachment":[{"href":"https:\/\/www.dzs-z.hu\/tura\/wp-json\/wp\/v2\/media?parent=709"}],"wp:term":[{"taxonomy":"category","embeddable":true,"href":"https:\/\/www.dzs-z.hu\/tura\/wp-json\/wp\/v2\/categories?post=709"},{"taxonomy":"post_tag","embeddable":true,"href":"https:\/\/www.dzs-z.hu\/tura\/wp-json\/wp\/v2\/tags?post=709"}],"curies":[{"name":"wp","href":"https:\/\/api.w.org\/{rel}","templated":true}]}}