{"id":719,"date":"2018-10-24T08:54:25","date_gmt":"2018-10-24T08:54:25","guid":{"rendered":"http:\/\/www.dzs-z.hu\/tura\/?p=719"},"modified":"2018-10-24T08:55:42","modified_gmt":"2018-10-24T08:55:42","slug":"paris-patak-szurdokvolgye-es-az-ipolytarnoci-osmaradvanyok","status":"publish","type":"post","link":"https:\/\/www.dzs-z.hu\/tura\/cserhat\/paris-patak-szurdokvolgye-es-az-ipolytarnoci-osmaradvanyok","title":{"rendered":"P\u00e1ris patak szurdokv\u00f6lgye \u00e9s az Ipolytarn\u00f3ci \u0150smaradv\u00e1nyok"},"content":{"rendered":"<h3>P\u00e1ris patak szurdokv\u00f6lgye \u00e9s az Ipolytarn\u00f3ci \u0150smaradv\u00e1nyok<\/h3>\n<p>Kellemes kir\u00e1ndul\u00f3 id\u0151nek \u00edg\u00e9rkezett okt\u00f3ber 22, \u00edgy elindultunk a Cserh\u00e1tban, hogy megismerj\u00fck a P\u00e1ris-patak szurdokv\u00f6lgy\u00e9t \u00e9s megn\u00e9zz\u00fck az Ipolytarn\u00f3ci \u0150smaradv\u00e1nyokat, illetve az ott tal\u00e1lhat\u00f3 l\u00e1togat\u00f3k\u00f6zpontot.<\/p>\n<h4>\u00a0A P\u00e1ris-patak szurdokv\u00f6lgye<\/h4>\n<p>Aut\u00f3val ment\u00fcnk, fel a Cserh\u00e1ton kereszt\u00fcl, \u00edgy N\u00f3gr\u00e1dszak\u00e1l volt a kijel\u00f6lt t\u00e1j\u00e9koz\u00f3d\u00e1si pontunk, a telep\u00fcl\u00e9st Ipolytarn\u00f3c ir\u00e1ny\u00e1ba elhagyva, nagyj\u00e1b\u00f3l az utols\u00f3 h\u00e1z ut\u00e1n jobbra lesz egy kis f\u00f6ld\u00fat, ami \u00e1tvezet a s\u00edneken, \u00e9s p\u00e1r aut\u00f3 parkol\u00e1s\u00e1hoz van itt lehet\u0151s\u00e9g. Kicsit bentebb, de ak\u00e1r az \u00fatr\u00f3l is m\u00e1r l\u00e1that\u00f3 a v\u00f6lgy bej\u00e1rat\u00e1hoz \u00e9p\u00edtett vend\u00e9gv\u00e1r\u00f3.<\/p>\n<p>Nagyj\u00e1b\u00f3l 50 m\u00e9ter s\u00e9ta ut\u00e1n szemben tal\u00e1ljuk a k\u00f6ves emelked\u0151t, ami a szurdokv\u00f6lgy egyik mell\u00e9k\u00e1ga, azon fels\u00e9t\u00e1lva, majd jobbra tartva a kicsit kor\u00e1bban elhagyott l\u00e9pcs\u0151n \u00e9rhet\u00fcnk vissza bej\u00e1rathoz.<\/p>\n<p>A v\u00f6lgy f\u0151 \u00e1g\u00e1hoz balra kell elindulnunk, ahol m\u00e1r \u00fajabb ismeretterjeszt\u0151 t\u00e1bl\u00e1kat tal\u00e1lhatunk. Olyan 400m lehet a szurdok hossza, k\u00f6ves, de gyalogosan k\u00f6nnyen j\u00e1rhat\u00f3. Nagyon l\u00e1tv\u00e1nyosak az ember fel\u00e9 magasod\u00f3 falak, az ink\u00e1bb folyami kavicsos k\u0151zet \u00e9s a kis moha, illetve p\u00e1fr\u00e1ny n\u00f6v\u00e9ny sarjad\u00e1sok.<\/p>\n<h4>Ipolytarn\u00f3ci \u0150smaradv\u00e1nyok<\/h4>\n<p>A r\u00f6vid s\u00e9ta ut\u00e1n aut\u00f3val tov\u00e1bb haladunk Ipolytarn\u00f3c fel\u00e9, nagyj\u00e1b\u00f3l 10km az \u00fat addig, a telep\u00fcl\u00e9s elej\u00e9n, r\u00f6gt\u00f6n a temet\u0151 ut\u00e1n tudunk befordulni, \u00e9s a falu sz\u00e9li \u00fat vezet az \u0151smaradv\u00e1nyok \u00e9s l\u00e1togat\u00f3 k\u00f6zpont fel\u00e9. Ipolytarn\u00f3con t\u00f6bbf\u00e9le jegyet v\u00e1s\u00e1rolhatunk, lehet csak s\u00e9t\u00e1l\u00f3jegyet venni, de a 4D mozi, a lombkorona s\u00e9t\u00e1ny \u00e9s a Bor\u00f3k\u00e1s-\u00e1rok Geol\u00f3giai tan\u00f6sv\u00e9ny is k\u00fcl\u00f6n fizet\u0151s. A B\u00fckk\u00e1br\u00e1nyban tal\u00e1lt B\u00fckk\u00e1br\u00e1nyi f\u00e1k megtekint\u00e9se is m\u00e1r elvileg csak s\u00e9t\u00e1l\u00f3jeggyel lehets\u00e9ges, de az m\u00e9r a park k\u00fcls\u0151 \u00e9p\u00fclet\u00e9ben tal\u00e1lhat\u00f3. A k\u0151zetparki \u00f6sv\u00e9ny, a K\u0151szikla \u00f6sv\u00e9ny \u00e9s a biol\u00f3giai s\u00e9t\u00e1nyok szabadon l\u00e1togathat\u00f3k a s\u00e9t\u00e1l\u00f3 jeggyel.<\/p>\n<p>Id\u0151szakosan vezetett t\u00far\u00e1kat is rendeznek, pl. van 10 km-es t\u00fara az \u0150sfeny\u0151 Bel\u00e9p\u0151 fogad\u00f3\u00e9p\u00fclett\u0151l a szlov\u00e1k oldali mucsinyi fat\u00f6rzsbarlangig \u00e9s vissza.<\/p>\n<p>Mi a Geol\u00f3giai tan\u00f6sv\u00e9nyen ment\u00fcnk v\u00e9gig, ami egy vezetett 1 \u00f3r\u00e1s program, nagyj\u00e1b\u00f3l 800m-es s\u00e9ta, ennek r\u00e9szek\u00e9nt lehet megtekinteni az itt tal\u00e1lhat\u00f3 legfontosabb \u0151smaradv\u00e1nyokat a c\u00e1pafogakat, a k\u00f6vesedett f\u00e1kat, lev\u00e9llenyomatokat \u00e9s az \u0151s\u00e1llati l\u00e1bnyomokat. A l\u00e1bnyomos homokk\u00f6vet k\u00e9t csarnok \u00e9s egy v\u00e9d\u0151pince r\u00e9sz mutatja be, a leg\u00fajabb, folyamatban lev\u0151 felt\u00e1r\u00e1sok bels\u0151 ter\u00e9t ideiglenes, faszerkezet\u0171 \u00e9p\u00fclet v\u00e9di.\u00a0A nagycsarnok ki\u00e1ll\u00edt\u00e1sa vil\u00e1gsz\u00ednvonal\u00fa, a ter\u00fclet \u0151smaradv\u00e1nyai mellett az egy\u00e9b eur\u00f3pai \u2013 \u00e9s magyar l\u00e1bnyomos lel\u0151helyek ismertet\u00e9s\u00e9re is kit\u00e9r. Az egykori veget\u00e1ci\u00f3t egy \u0151sn\u00f6v\u00e9nysarok rekonstrukci\u00f3ja teszi szeml\u00e9letess\u00e9, a l\u00e1bnyomok alapj\u00e1n rekonstru\u00e1lt \u00e1llatok pedig h\u00e1romdimenzi\u00f3s kivet\u00edt\u00e9s seg\u00edts\u00e9g\u00e9vel elevenednek meg.<\/p>\n<p>V\u00e9g\u00fcl kint egy j\u00e1tsz\u00f3t\u00e9r, valamint a jeggyel l\u00e1togathat\u00f3 lombkorona s\u00e9t\u00e1ny tal\u00e1lhat\u00f3.<\/p>\n<div class=\"inpostadsfull\"><div style=\"margin:10px auto;text-align:center;\"><script async src=\"\/\/pagead2.googlesyndication.com\/pagead\/js\/adsbygoogle.js\"><\/script><!-- Dzs-recept-1 --><ins class=\"adsbygoogle\"     style=\"display:inline-block;width:728px;height:90px\"     data-ad-client=\"ca-pub-5246420517641697\"     data-ad-slot=\"3352945761\"><\/ins><script>(adsbygoogle = window.adsbygoogle || []).push({});<\/script><\/div><\/div>","protected":false},"excerpt":{"rendered":"<p>Kellemes kir\u00e1ndul\u00f3 id\u0151nek \u00edg\u00e9rkezett okt\u00f3ber 22, \u00edgy elindultunk a Cserh\u00e1tban, hogy megismerj\u00fck a P\u00e1ris-patak szurdokv\u00f6lgy\u00e9t \u00e9s megn\u00e9zz\u00fck az Ipolytarn\u00f3ci \u0150smaradv\u00e1nyokat, illetve az ott tal\u00e1lhat\u00f3 l\u00e1togat\u00f3k\u00f6zpontot.<\/p>\n","protected":false},"author":1,"featured_media":720,"comment_status":"closed","ping_status":"closed","sticky":false,"template":"","format":"standard","meta":{"footnotes":""},"categories":[124],"tags":[125,266,44,268,267,265,5],"_links":{"self":[{"href":"https:\/\/www.dzs-z.hu\/tura\/wp-json\/wp\/v2\/posts\/719"}],"collection":[{"href":"https:\/\/www.dzs-z.hu\/tura\/wp-json\/wp\/v2\/posts"}],"about":[{"href":"https:\/\/www.dzs-z.hu\/tura\/wp-json\/wp\/v2\/types\/post"}],"author":[{"embeddable":true,"href":"https:\/\/www.dzs-z.hu\/tura\/wp-json\/wp\/v2\/users\/1"}],"replies":[{"embeddable":true,"href":"https:\/\/www.dzs-z.hu\/tura\/wp-json\/wp\/v2\/comments?post=719"}],"version-history":[{"count":1,"href":"https:\/\/www.dzs-z.hu\/tura\/wp-json\/wp\/v2\/posts\/719\/revisions"}],"predecessor-version":[{"id":721,"href":"https:\/\/www.dzs-z.hu\/tura\/wp-json\/wp\/v2\/posts\/719\/revisions\/721"}],"wp:featuredmedia":[{"embeddable":true,"href":"https:\/\/www.dzs-z.hu\/tura\/wp-json\/wp\/v2\/media\/720"}],"wp:attachment":[{"href":"https:\/\/www.dzs-z.hu\/tura\/wp-json\/wp\/v2\/media?parent=719"}],"wp:term":[{"taxonomy":"category","embeddable":true,"href":"https:\/\/www.dzs-z.hu\/tura\/wp-json\/wp\/v2\/categories?post=719"},{"taxonomy":"post_tag","embeddable":true,"href":"https:\/\/www.dzs-z.hu\/tura\/wp-json\/wp\/v2\/tags?post=719"}],"curies":[{"name":"wp","href":"https:\/\/api.w.org\/{rel}","templated":true}]}}