{"id":796,"date":"2020-08-26T17:52:58","date_gmt":"2020-08-26T17:52:58","guid":{"rendered":"http:\/\/www.dzs-z.hu\/tura\/?p=796"},"modified":"2022-02-20T10:53:30","modified_gmt":"2022-02-20T10:53:30","slug":"okt-bakony-zirc-bodajk-az-okt-9-szakasz-teljesitese","status":"publish","type":"post","link":"https:\/\/www.dzs-z.hu\/tura\/egyeb\/okt\/okt-bakony-zirc-bodajk-az-okt-9-szakasz-teljesitese","title":{"rendered":"OKT Bakony, Zirc &#8211; Bodajk, az OKT 9. szakasz teljes\u00edt\u00e9se"},"content":{"rendered":"<h3>OKT Bakony, Zirc &#8211; Bodajk, az OKT 9. szakasz teljes\u00edt\u00e9se<\/h3>\n<p>Az OKT r\u00e9szszakasz hossza: 27,1 km<\/p>\n<p>Az OKT r\u00e9szszakasz szintk\u00fcl\u00f6nbs\u00e9gi adatai: +540\/-675<\/p>\n<p>A 9. OKT r\u00e9szszakasz el\u0151ir\u00e1nyzott id\u0151tartama: 7:40 \u00f3ra<\/p>\n<h4>A Zirc &#8211; Kisgy\u00f3n k\u00f6z\u00f6tti OKT 9. szakasz t\u00far\u00e1j\u00e1nak le\u00edr\u00e1sa<\/h4>\n<p>K\u00e9t r\u00f6videbb t\u00far\u00e1ra osztottuk a megtett szakaszt, J\u00e1sdon kerest\u00fcnk sz\u00e1ll\u00e1st, \u00edgy ez lett az egyik v\u00e9gpont.<\/p>\n<p>Els\u0151 nap reggel Zircre indultunk busszal, hogy onnan s\u00e9t\u00e1ljunk vissza J\u00e1sdra. Zirc k\u00f6zpontj\u00e1ba \u00e9rkezt\u00fcnk, a vas\u00fat\u00e1llom\u00e1sra s\u00e9t\u00e1ltunk, hogy ott ind\u00edtsuk meg a t\u00far\u00e1t. Hosszan vezet ki az \u00fat Zirc\u0151l, v\u00e9gi az aszfaltozott \u00faton vezet \u00e1t minket a k\u00f6zeli Nagyeszterg\u00e1r telep\u00fcl\u00e9sre, majd azon is kereszt\u00fcl, m\u00edg a v\u00e9g\u00fcl a telep\u00fcl\u00e9s k\u00f6zepe fel\u00e9 egy mell\u00e9kutc\u00e1b\u00f3l vezetett ki az \u00fat.<\/p>\n<p>Innen jutunk le a Szilv\u00e1snak nevezett ter\u00fcletre, ami gyakorlatilag egy patak v\u00f6lgye, ami egy nagyobb es\u0151z\u00e9s ut\u00e1n sz\u00e9les volt \u00e9s l\u00e1that\u00f3 volt, hogy p\u00e1r napja m\u00e9g t\u00f6bb v\u00edz lehetett a szakaszon. T\u00f6bb, kisebb nagyobb forr\u00e1s, patak, v\u00edzfol\u00e1yst ker\u00fclgetve haladhattunk az \u00faton. Apr\u00f3bb dombocsk\u00e1k kiv\u00e9tel\u00e9vel nem nagyon volt emalked\u0151 ezen a r\u00e9szen.<\/p>\n<div class=\"inpostadsfull\"><div style=\"margin:10px auto;text-align:center;\"><script async src=\"\/\/pagead2.googlesyndication.com\/pagead\/js\/adsbygoogle.js\"><\/script><!-- Dzs-recept-1 --><ins class=\"adsbygoogle\"     style=\"display:inline-block;width:728px;height:90px\"     data-ad-client=\"ca-pub-5246420517641697\"     data-ad-slot=\"3352945761\"><\/ins><script>(adsbygoogle = window.adsbygoogle || []).push({});<\/script><\/div><\/div>\n<p>B\u00e1r kiker\u00fclt\u00fck a patakot, de k\u00e9s\u0151bb visszat\u00e9r\u00fcnk hozz\u00e1. M\u00edg Bakonyn\u00e1na k\u00f6zel\u00e9ben p\u00e1r felhagyott malmot tal\u00e1lhatunk. Az \u00fat sok helyen olyan volt, mintha r\u00e9ten s\u00e9t\u00e1ln\u00e1nk, az id\u0151t\u0151l f\u00fcgg\u0151en ak\u00e1r a rengeteg ny\u00edl\u00f3 vir\u00e1g illat\u00e1t \u00e9s a sz\u00e1ll\u00f3 m\u00e9hecsk\u00e9k d\u00f6ng\u00e9s\u00e9t \u00e9lvezhetj\u00fck.<\/p>\n<p>Ezut\u00e1n \u00e9r\u00fcnk be kicsit a hegyek, erd\u0151k k\u00f6z\u00e9, azzal, hogy v\u00e9dett geol\u00f3giai felt\u00e1r\u00e1s, majd r\u00f3mai-f\u00fcrd\u0151nek haszn\u00e1lt r\u00e9szen haladunk \u00e1t. Itt kicsit emelkedik az utunk, m\u00edg egy gerincen v\u00e1gunk \u00e1t, ahol a Gaja patak kezdet\u00e9hez jutunk. Ami jelenti azt is, hogy innent\u0151l ennek a foly\u00e1sir\u00e1ny\u00e1ban haladunk.<\/p>\n<p>J\u00e1sd k\u00f6zel\u00e9be \u00e9rve egy \u00fajabb malom, majd az itteni Szentk\u00fat \u00e9p\u00fcleteihez jutunk, ahonnan m\u00e1r nincs messze a telep\u00fcl\u00e9s, ahol megpihent\u00fcnk.<\/p>\n<p>M\u00e1sodik nap ism\u00e9t busszal indultunk, olyat tal\u00e1ltam, amivel Bakonycserny\u00e9re tudtunk eljutni, \u00edgy onnan kb 2km-es s\u00e9t\u00e1val jutottunk be Kisgy\u00f3nra, ahol sok vend\u00e9gh\u00e1zat tal\u00e1lhatunk, illetve a minket most \u00e9rint\u0151 k\u00e9kt\u00fara jelz\u00e9st is. Pecs\u00e9teltunk, majd elindultunk ism\u00e9t J\u00e1sd ir\u00e1ny\u00e1ba.<\/p>\n<p>Az \u00fatvonal mellett b\u00e1ny\u00e1sz eml\u00e9kekkel, keresztekkel \u00e9s geol\u00f3giai felt\u00e1r\u00e1sokkal tal\u00e1lkozhatunk, n\u00e9hol kicsit emelked\u0151 utak ment\u00e9n vezet minket a k\u00e9kt\u00fara a T\u0171zk\u00f6ves-v\u00f6lgy\u00f6n kereszt\u00fcl fel a Hamuh\u00e1z fel\u00e9, majd ker\u00e9kp\u00e1r\u00fatnak is kialak\u00edtott szakasszal egy\u00fctt haladunk a Galamb-berek k\u00f6rny\u00e9k\u00e9n. Majd egy barlangkutat\u00f3 \u00e1llom\u00e1shoz is eljutunk, ami m\u00e1r nincs messze T\u00e9s k\u00f6zs\u00e9gt\u0151l, ahov\u00e1 az aszfaltos \u00fat vezet be minket.<\/p>\n<div class=\"inpostadsfull\"><div style=\"margin:10px auto;text-align:center;\"><script async src=\"\/\/pagead2.googlesyndication.com\/pagead\/js\/adsbygoogle.js\"><\/script><!-- Dzs-recept-1 --><ins class=\"adsbygoogle\"     style=\"display:inline-block;width:728px;height:90px\"     data-ad-client=\"ca-pub-5246420517641697\"     data-ad-slot=\"3352945761\"><\/ins><script>(adsbygoogle = window.adsbygoogle || []).push({});<\/script><\/div><\/div>\n<p>T\u00e9sen ed\u00e9delt\u00fcnk, majd megl\u00e1togattuk a kov\u00e1cs m\u0171helyt \u00e9s a T\u00e9si sz\u00e9lmalmokat is, miel\u0151tt visszament\u00fcnk a k\u00e9kt\u00fara jelz\u00e9s\u00e9re. T\u00e9s egy el\u00e9g hosszan elny\u00fal\u00f3 telep\u00fcl\u00e9s, mi az elej\u00e9n szinte der\u00e9ksz\u00f6gben indulunk f\u0151k\u00e9nt lefel\u00e9 haladva, hogy J\u00e1sdra \u00e9rhess\u00fcnk.<\/p>\n<p>Itt mi egy alapos erd\u0151irt\u00e1son haladtunk \u00e1t, ami bevezetett egy kor\u00e1bbi erd\u0151irt\u00e1s, mostm\u00e1r visszan\u00f6v\u0151ben l\u00e9v\u0151 szakasz\u00e1ra, \u00edgy viszonylag kev\u00e9s \u00e1rnyas erd\u0151ben haladtunk. Illetve n\u00e9h\u00e1ny helyen a bokrok miatt neh\u00e9z volt haladni \u00e9s nem volt sz\u00e9les az \u00f6sv\u00e9ny.<\/p>\n<p>A Siska-k\u00fatn\u00e1l kicsit m\u00e9g megpihent\u00fcnk, majd le\u00e9rt\u00fcnk a patakhoz, amin \u00e1tvezet\u0151 h\u00edd m\u00e1r a telep\u00fcl\u00e9s k\u00f6zel\u00e9ben van, \u00edgy ki is \u00e9r\u00fcnk J\u00e1sd f\u0151utc\u00e1j\u00e1ra.<\/p>\n<p>&nbsp;<\/p>\n<div class=\"inpostadsfull\"><div style=\"margin:10px auto;text-align:center;\"><script async src=\"\/\/pagead2.googlesyndication.com\/pagead\/js\/adsbygoogle.js\"><\/script><!-- Dzs-recept-1 --><ins class=\"adsbygoogle\"     style=\"display:inline-block;width:728px;height:90px\"     data-ad-client=\"ca-pub-5246420517641697\"     data-ad-slot=\"3352945761\"><\/ins><script>(adsbygoogle = window.adsbygoogle || []).push({});<\/script><\/div><\/div>","protected":false},"excerpt":{"rendered":"<p>Orsz\u00e1gos k\u00e9kt\u00fara 9. szakasz\u00e1nak els\u0151 27km-es r\u00e9szszakasza. Zircr\u0151l Kisgy\u00f3nig tart\u00f3 V\u00e9rtesi t\u00fara R\u00f3mai-f\u00fcrd\u0151 \u00e9s a T\u00e9si sz\u00e9lmalmok megl\u00e1togat\u00e1s\u00e1val.<\/p>\n","protected":false},"author":1,"featured_media":797,"comment_status":"closed","ping_status":"closed","sticky":false,"template":"","format":"standard","meta":{"footnotes":""},"categories":[357,32],"tags":[312,39,308,310,309,311,186,307,313,194,41],"_links":{"self":[{"href":"https:\/\/www.dzs-z.hu\/tura\/wp-json\/wp\/v2\/posts\/796"}],"collection":[{"href":"https:\/\/www.dzs-z.hu\/tura\/wp-json\/wp\/v2\/posts"}],"about":[{"href":"https:\/\/www.dzs-z.hu\/tura\/wp-json\/wp\/v2\/types\/post"}],"author":[{"embeddable":true,"href":"https:\/\/www.dzs-z.hu\/tura\/wp-json\/wp\/v2\/users\/1"}],"replies":[{"embeddable":true,"href":"https:\/\/www.dzs-z.hu\/tura\/wp-json\/wp\/v2\/comments?post=796"}],"version-history":[{"count":4,"href":"https:\/\/www.dzs-z.hu\/tura\/wp-json\/wp\/v2\/posts\/796\/revisions"}],"predecessor-version":[{"id":901,"href":"https:\/\/www.dzs-z.hu\/tura\/wp-json\/wp\/v2\/posts\/796\/revisions\/901"}],"wp:featuredmedia":[{"embeddable":true,"href":"https:\/\/www.dzs-z.hu\/tura\/wp-json\/wp\/v2\/media\/797"}],"wp:attachment":[{"href":"https:\/\/www.dzs-z.hu\/tura\/wp-json\/wp\/v2\/media?parent=796"}],"wp:term":[{"taxonomy":"category","embeddable":true,"href":"https:\/\/www.dzs-z.hu\/tura\/wp-json\/wp\/v2\/categories?post=796"},{"taxonomy":"post_tag","embeddable":true,"href":"https:\/\/www.dzs-z.hu\/tura\/wp-json\/wp\/v2\/tags?post=796"}],"curies":[{"name":"wp","href":"https:\/\/api.w.org\/{rel}","templated":true}]}}