{"id":894,"date":"2021-05-30T20:10:02","date_gmt":"2021-05-30T20:10:02","guid":{"rendered":"http:\/\/www.dzs-z.hu\/tura\/?p=894"},"modified":"2022-02-20T10:10:19","modified_gmt":"2022-02-20T10:10:19","slug":"okt-vertes-bodajk-kohanyaspuszta-az-okt-10-szakasz-teljesitese","status":"publish","type":"post","link":"https:\/\/www.dzs-z.hu\/tura\/egyeb\/okt\/okt-vertes-bodajk-kohanyaspuszta-az-okt-10-szakasz-teljesitese","title":{"rendered":"OKT V\u00e9rtes, Bodajk &#8211; K\u0151h\u00e1ny\u00e1spuszta, az OKT 10. szakasz teljes\u00edt\u00e9se"},"content":{"rendered":"<h3>OKT V\u00e9rtes, Bodajk &#8211; K\u0151h\u00e1ny\u00e1spuszta, az OKT 10. szakasz teljes\u00edt\u00e9se<\/h3>\n<p>Az OKT r\u00e9szszakasz hossza: 35.8 (22.7+13.1) km<\/p>\n<p>Az OKT r\u00e9szszakasz szintk\u00fcl\u00f6nbs\u00e9gi adatai: +760\/-520<\/p>\n<p>A 9. OKT r\u00e9szszakasz el\u0151ir\u00e1nyzott id\u0151tartama: 10:20 \u00f3ra<\/p>\n<h4>A Bodajk-Cs\u00f3kak\u0151 &#8211; K\u0151h\u00e1ny\u00e1spuszta k\u00f6z\u00f6tti OKT 10. szakasz t\u00far\u00e1j\u00e1nak le\u00edr\u00e1sa<\/h4>\n<p>Mi k\u00e9t r\u00e9szletben teljes\u00edtett\u00fck k\u00e9t nap a t\u00fara ezen szakasz\u00e1t. Mindk\u00e9t t\u00fara G\u00e1nton indult. Az els\u0151 reggel Bodajk fel\u00e9 indultunk onnan, m\u00edg a m\u00e1sodik napon K\u0151h\u00e1ny\u00e1s fel\u00e9.<\/p>\n<p>Aut\u00f3val j\u00f6tt\u00fcnk G\u00e1ntra \u00e9s Bodajkon volt a sz\u00e1ll\u00e1s\u00fcnk, ez\u00e9rt v\u00e1lasztottuk ezt az \u00fatvonalat. G\u00e1nt egyik mell\u00e9kutc\u00e1j\u00e1n vezet ki minket a k\u00e9kt\u00fara a telep\u00fcl\u00e9sr\u0151l, majd a v\u00e9g\u00e9n indulunk felfel\u00e9 homokos \u00faton a domboldalon, hogy sz\u00e9p lassan elinduljunk az Antal-\u00e1rkon kereszt\u00fcl. M\u00e9g G\u00e1nton csatlakozott hozz\u00e1nk egy kicskutya, aki h\u0171s\u00e9gesen mutatta az ir\u00e1nyt merre kell menn\u00fcnk, k\u00f6zben a nagy f\u0151ben is keresglt, vagy \u00e9pp az erd\u0151ben kutatta \u00e1llatok nyom\u00e1t. B\u00e1r az \u00fat emelkedett, de nem meredeken, \u00edgy b\u00e1r az \u00fat hossz\u00fa, de k\u00e9nyelmes s\u00e9ta volt fel a Hajd\u00fav\u00e1ri vend\u00e9gh\u00e1zhoz. Ez a szakasz az, amit \u00e9n v\u00e9rtesi t\u00fara alatt jegyeztem meg. Kor\u00e1bbi V\u00e9rtes t\u00far\u00e1k alatt j\u00e1rtunk m\u00e1r ezen a szakaszon, j\u00f3 volt l\u00e1tni, hogy nem sokat v\u00e1ltozott itt az erd\u0151.<\/p>\n<div class=\"inpostadsfull\"><div style=\"margin:10px auto;text-align:center;\"><script async src=\"\/\/pagead2.googlesyndication.com\/pagead\/js\/adsbygoogle.js\"><\/script><!-- Dzs-recept-1 --><ins class=\"adsbygoogle\"     style=\"display:inline-block;width:728px;height:90px\"     data-ad-client=\"ca-pub-5246420517641697\"     data-ad-slot=\"3352945761\"><\/ins><script>(adsbygoogle = window.adsbygoogle || []).push({});<\/script><\/div><\/div>\n<p>Sz\u00e9p kil\u00e1t\u00e1s miatt \u00e9rdemes kit\u00e9r\u0151t tenni a G\u00e9za-pihen\u0151 fel\u00e9, ami nincs messze az \u00f6sv\u00e9ny\u00fcnkt\u0151l. Visszat\u00e9rve a k\u00e9kre erdei utakon vezet tov\u00e1bb az utunk, sz\u00e9p csendes erd\u0151k k\u00f6z\u00f6tt halad az \u00f6sv\u00e9ny, sokszor tal\u00e1lkozhatunk \u00e1llatokkal. Mi nyulat \u00e9s kis \u0151zeket is l\u00e1ttunk. sz\u00e9p, csendes, \u00e1rnyas v\u00f6lgyben haladunk felfel\u00e9, m\u00edg a Nagy-B\u00fckk ter\u00fcletre \u00e9r\u00fcnk fel, ahonnan m\u00e1r szinte lefel\u00e9 halad az utunk Cs\u00f3kak\u0151re a v\u00e1r al\u00e1. Itt m\u00e1r sok kir\u00e1ndul\u00f3val tal\u00e1lkoztunk, akik a v\u00e1rat l\u00e1togatt\u00e1k meg, \u00e9s a k\u00f6zeli utakat sz\u00e1llt\u00e1k meg. Kicsit megpihent\u00fcnk Cs\u00f3kak\u0151n, miel\u0151tt tov\u00e1bb indultunk volna.<\/p>\n<p>A Cs\u00f3kak\u0151-Bodajk szakaszt is \u00e1talak\u00edtott\u00e1k, az aszfaltos \u00faton val\u00f3 s\u00e9ta helyett a cs\u0151kak\u0151i mell\u00e9kutakon kivezet minket a telep\u00fcl\u00e9s sz\u00e9l\u00e9re, majd a mez\u0151k mellett hosszasan s\u00e9t\u00e1lva, szinte a S\u0151r\u00e9di el\u00e1gaz\u00e1sn\u00e1l haladunk \u00e1t af\u0151\u00faton, majd tov\u00e1bb kacskaring\u00f3zva a kukorica t\u00e1bl\u00e1k k\u00f6z\u00f6tt, egy m\u00e1sik vas\u00fati megall\u00f3 k\u00f6zel\u00e9ben jutunk be Bodajkra, majd kereshett\u00fck meg a sz\u00e1ll\u00e1sunkat.<\/p>\n<p>M\u00e1snapra egy r\u00f6videbb t\u00fara lett betervezve, ami szint\u00e9n G\u00e1ntr\u00f3l kezd\u0151d\u00f6tt \u00e9s erdetileg V\u00e1rgesztesig tartott volna, de az id\u0151j\u00e1r\u00e1s miatt csak K\u0151h\u00e1ny\u00e1spuszt\u00e1ig jutottunk.<\/p>\n<p>G\u00e1ntr\u00f3l most a m\u00e1sik iir\u00e1nyban indultunk el, \u00edgy gyorsabban hagyhattuk el a telep\u00fcl\u00e9st, szinte egyenes \u00fat vezetett ki a Pap-v\u00f6lgy\u00f6n kereszt\u00fck fel Mindszentpuszt\u00e1ra, ahol a k\u00f6vetkez\u0151 k\u00e9kt\u00fara pecs\u00e9tel\u0151 ponttal is tal\u00e1lkozunk. Kis pihen\u0151 ut\u00e1n m\u00e1r \u00e9szak-kelet fel\u00e9 fordulunk, majd megindulunk Som-hegy \u00e9s Cs\u00e1ki-v\u00e1ra fel\u00e9.<\/p>\n<div class=\"inpostadsfull\"><div style=\"margin:10px auto;text-align:center;\"><script async src=\"\/\/pagead2.googlesyndication.com\/pagead\/js\/adsbygoogle.js\"><\/script><!-- Dzs-recept-1 --><ins class=\"adsbygoogle\"     style=\"display:inline-block;width:728px;height:90px\"     data-ad-client=\"ca-pub-5246420517641697\"     data-ad-slot=\"3352945761\"><\/ins><script>(adsbygoogle = window.adsbygoogle || []).push({});<\/script><\/div><\/div>\n<p>Az Oroszl\u00e1nk\u0151-barlang, a Cs\u00e1ki v\u00e1r, az Oroszl\u00e1n-k\u0151 ut\u00e1n mondhatni el\u00e9rt\u00fck a t\u00fara cs\u00facs\u00e1t \u00e9s \u00e1ltal\u00e1ban lass\u00fa szincs\u00f6kken\u00e9ssel ereszkedni kezd\u00fcnk m\u00e1r K\u0151h\u00e1ny\u00e1s fel\u00e9.<\/p>\n<p>Az \u00fat csak enyh\u00e9n hajlik, tal\u00e1n nem is \u00e9rezhet\u0151, hogy n\u00e9ha nem kelet fel\u00e9 vezet le az utunk. K\u00f6nny\u0171 levez\u0151 \u00fat halad K\u0151h\u00e1ny\u00e1spuszt\u00e1ra, ahol kicsit a k\u00e9kr\u00f3l jobbra let\u00e9rve a kis k\u00e1polna k\u00f6zel\u00e9ben fogjuk megtal\u00e1lni a pecs\u00e9tel\u0151 helyet.<\/p>\n<div class=\"inpostadsfull\"><div style=\"margin:10px auto;text-align:center;\"><script async src=\"\/\/pagead2.googlesyndication.com\/pagead\/js\/adsbygoogle.js\"><\/script><!-- Dzs-recept-1 --><ins class=\"adsbygoogle\"     style=\"display:inline-block;width:728px;height:90px\"     data-ad-client=\"ca-pub-5246420517641697\"     data-ad-slot=\"3352945761\"><\/ins><script>(adsbygoogle = window.adsbygoogle || []).push({});<\/script><\/div><\/div>","protected":false},"excerpt":{"rendered":"<p>Orsz\u00e1gos k\u00e9kt\u00fara 10. szakasz\u00e1nak els\u0151 36km-es r\u00e9szszakasza. Bodajkt\u00f3l k\u0151h\u00e1ny\u00e1spuszt\u00e1ig tart\u00f3 V\u00e9rtesi t\u00fara.<\/p>\n","protected":false},"author":1,"featured_media":897,"comment_status":"closed","ping_status":"closed","sticky":false,"template":"","format":"standard","meta":{"footnotes":""},"categories":[32,306],"tags":[362,363,364,359,186,358,230],"_links":{"self":[{"href":"https:\/\/www.dzs-z.hu\/tura\/wp-json\/wp\/v2\/posts\/894"}],"collection":[{"href":"https:\/\/www.dzs-z.hu\/tura\/wp-json\/wp\/v2\/posts"}],"about":[{"href":"https:\/\/www.dzs-z.hu\/tura\/wp-json\/wp\/v2\/types\/post"}],"author":[{"embeddable":true,"href":"https:\/\/www.dzs-z.hu\/tura\/wp-json\/wp\/v2\/users\/1"}],"replies":[{"embeddable":true,"href":"https:\/\/www.dzs-z.hu\/tura\/wp-json\/wp\/v2\/comments?post=894"}],"version-history":[{"count":1,"href":"https:\/\/www.dzs-z.hu\/tura\/wp-json\/wp\/v2\/posts\/894\/revisions"}],"predecessor-version":[{"id":898,"href":"https:\/\/www.dzs-z.hu\/tura\/wp-json\/wp\/v2\/posts\/894\/revisions\/898"}],"wp:featuredmedia":[{"embeddable":true,"href":"https:\/\/www.dzs-z.hu\/tura\/wp-json\/wp\/v2\/media\/897"}],"wp:attachment":[{"href":"https:\/\/www.dzs-z.hu\/tura\/wp-json\/wp\/v2\/media?parent=894"}],"wp:term":[{"taxonomy":"category","embeddable":true,"href":"https:\/\/www.dzs-z.hu\/tura\/wp-json\/wp\/v2\/categories?post=894"},{"taxonomy":"post_tag","embeddable":true,"href":"https:\/\/www.dzs-z.hu\/tura\/wp-json\/wp\/v2\/tags?post=894"}],"curies":[{"name":"wp","href":"https:\/\/api.w.org\/{rel}","templated":true}]}}