{"id":86,"count":1,"description":"","link":"https:\/\/www.dzs-z.hu\/tura\/tag\/janos-hegyi-kilato","name":"j\u00e1nos-hegyi kil\u00e1t\u00f3","slug":"janos-hegyi-kilato","taxonomy":"post_tag","meta":[],"_links":{"self":[{"href":"https:\/\/www.dzs-z.hu\/tura\/wp-json\/wp\/v2\/tags\/86"}],"collection":[{"href":"https:\/\/www.dzs-z.hu\/tura\/wp-json\/wp\/v2\/tags"}],"about":[{"href":"https:\/\/www.dzs-z.hu\/tura\/wp-json\/wp\/v2\/taxonomies\/post_tag"}],"wp:post_type":[{"href":"https:\/\/www.dzs-z.hu\/tura\/wp-json\/wp\/v2\/posts?tags=86"}],"curies":[{"name":"wp","href":"https:\/\/api.w.org\/{rel}","templated":true}]}}